{"id":2075,"date":"2025-10-15T20:25:21","date_gmt":"2025-10-15T20:25:21","guid":{"rendered":"https:\/\/mariselavasquez.es\/?p=2075"},"modified":"2025-10-16T09:27:57","modified_gmt":"2025-10-16T09:27:57","slug":"cuando-darse-de-alta-autonomo-espana","status":"publish","type":"post","link":"https:\/\/mariselavasquez.es\/en\/blog\/cuando-darse-de-alta-autonomo-espana\/","title":{"rendered":"\u00bfCu\u00e1ndo darse de alta como aut\u00f3nomo en Espa\u00f1a?"},"content":{"rendered":"<div data-elementor-type=\"wp-post\" data-elementor-id=\"2075\" class=\"elementor elementor-2075\" data-elementor-post-type=\"post\">\n\t\t\t\t<div class=\"elementor-element elementor-element-6e47f76 e-flex e-con-boxed e-con e-parent\" data-id=\"6e47f76\" data-element_type=\"container\">\n\t\t\t\t\t<div class=\"e-con-inner\">\n\t\t\t\t<div class=\"elementor-element elementor-element-ef78b23 elementor-widget elementor-widget-image\" data-id=\"ef78b23\" data-element_type=\"widget\" data-widget_type=\"image.default\">\n\t\t\t\t<div class=\"elementor-widget-container\">\n\t\t\t\t\t\t\t\t\t\t\t\t\t<img fetchpriority=\"high\" decoding=\"async\" width=\"800\" height=\"450\" src=\"https:\/\/mariselavasquez.es\/wp-content\/uploads\/2025\/10\/CUANDO-DARSE-DE-ALTA-DE-AUTONOMO-EN-ESPANA-1024x576.webp\" class=\"attachment-large size-large wp-image-2081\" alt=\"\" srcset=\"https:\/\/mariselavasquez.es\/wp-content\/uploads\/2025\/10\/CUANDO-DARSE-DE-ALTA-DE-AUTONOMO-EN-ESPANA-1024x576.webp 1024w, https:\/\/mariselavasquez.es\/wp-content\/uploads\/2025\/10\/CUANDO-DARSE-DE-ALTA-DE-AUTONOMO-EN-ESPANA-300x169.webp 300w, https:\/\/mariselavasquez.es\/wp-content\/uploads\/2025\/10\/CUANDO-DARSE-DE-ALTA-DE-AUTONOMO-EN-ESPANA-768x432.webp 768w, https:\/\/mariselavasquez.es\/wp-content\/uploads\/2025\/10\/CUANDO-DARSE-DE-ALTA-DE-AUTONOMO-EN-ESPANA-18x10.webp 18w, https:\/\/mariselavasquez.es\/wp-content\/uploads\/2025\/10\/CUANDO-DARSE-DE-ALTA-DE-AUTONOMO-EN-ESPANA.webp 1280w\" sizes=\"(max-width: 800px) 100vw, 800px\" \/>\t\t\t\t\t\t\t\t\t\t\t\t\t<\/div>\n\t\t\t\t<\/div>\n\t\t\t\t<div class=\"elementor-element elementor-element-cbf0930 elementor-widget elementor-widget-text-editor\" data-id=\"cbf0930\" data-element_type=\"widget\" data-widget_type=\"text-editor.default\">\n\t\t\t\t<div class=\"elementor-widget-container\">\n\t\t\t\t\t\t\t<h3 data-start=\"281\" data-end=\"333\">\u00bfEst\u00e1s pensando en darte de alta como aut\u00f3nomo\/a?<\/h3><p data-start=\"335\" data-end=\"491\">\u26d4 Antes de hacerlo, <strong data-start=\"355\" data-end=\"386\">para un momento y lee esto.<\/strong><br data-start=\"386\" data-end=\"389\" \/>Aqu\u00ed te cuento cu\u00e1ndo conviene hacerlo (y cu\u00e1ndo no), para que no empieces pagando m\u00e1s de lo que ganas.<\/p><p data-start=\"493\" data-end=\"684\">Esta es, sin duda, una de las preguntas que m\u00e1s me hacen las personas emprendedoras.<br data-start=\"581\" data-end=\"584\" \/>Y no es menor, porque <strong data-start=\"606\" data-end=\"683\">darse de alta demasiado pronto puede generar estr\u00e9s y costes innecesarios<\/strong>.<\/p><p data-start=\"686\" data-end=\"928\">Muchos comienzan a pagar cotizaciones antes incluso de tener ingresos, y eso no solo presiona tus finanzas, sino que puede hacerte <strong data-start=\"817\" data-end=\"865\">gastar la bonificaci\u00f3n para nuevos aut\u00f3nomos<\/strong> cuando a\u00fan no tienes actividad ni ingresos recurrentes.<\/p><p data-start=\"930\" data-end=\"976\">En la pr\u00e1ctica, los errores m\u00e1s comunes son:<\/p><ul data-start=\"977\" data-end=\"1182\"><li data-start=\"977\" data-end=\"1038\"><p data-start=\"979\" data-end=\"1038\">Consumir la bonificaci\u00f3n sin haber generado ingresos.<\/p><\/li><li data-start=\"1039\" data-end=\"1105\"><p data-start=\"1041\" data-end=\"1105\">Asumir cargas fiscales que no aportan en la etapa inicial.<\/p><\/li><li data-start=\"1106\" data-end=\"1182\"><p data-start=\"1108\" data-end=\"1182\">Y acabar estresad0\/a por una presi\u00f3n econ\u00f3mica evitable.<\/p><\/li><\/ul><p data-start=\"1184\" data-end=\"1579\">La bonificaci\u00f3n para nuevos aut\u00f3nomos (tarifa reducida) es una buena herramienta, pero hay que saber usarla.<br data-start=\"1296\" data-end=\"1299\" \/>Durante el primer a\u00f1o la cuota se reduce a unos <strong data-start=\"1347\" data-end=\"1365\">87 \u20ac mensuales<\/strong>, y puede prorrogarse un segundo a\u00f1o si tus rendimientos netos est\u00e1n por debajo del <strong data-start=\"1449\" data-end=\"1490\">Salario M\u00ednimo Interprofesional (SMI)<\/strong> y <strong data-start=\"1493\" data-end=\"1535\">solicitas la extensi\u00f3n dentro de plazo<\/strong> (algo que debes revisar con tu gestor\/a).<\/p><p data-start=\"1581\" data-end=\"1836\">Si no lo haces o superas el l\u00edmite, la Seguridad Social revocar\u00e1 el beneficio y aplicar\u00e1 la cuota ordinaria.<br data-start=\"1693\" data-end=\"1696\" \/>Y te lo digo porque he visto muuuchos casos donde esta bonificaci\u00f3n mal gestionada termina costando m\u00e1s de lo que el negocio genera.<\/p><h2>1. Si est\u00e1s validando tu idea<\/h2><p><span style=\"font-weight: 400;\">Si a\u00fan est\u00e1s en fase de ideaci\u00f3n y validaci\u00f3n, probando tu modelo, vendiendo un MVP o testando tu servicio, <\/span><b>no es necesario darte de alta todav\u00eda<\/b><span style=\"font-weight: 400;\">.<\/span><\/p><p><span style=\"font-weight: 400;\">En esta etapa lo importante es comprobar si tu producto o servicio realmente resuelve un problema y si hay personas dispuestas a pagar por \u00e9l, lo que llamamos <\/span><i><span style=\"font-weight: 400;\">product market fit<\/span><\/i><span style=\"font-weight: 400;\">.<\/span><\/p><p><span style=\"font-weight: 400;\">Hasta entonces, puedes:<\/span><\/p><ul><li style=\"font-weight: 400;\" aria-level=\"1\"><p><b>Facturar a trav\u00e9s de una cooperativa de trabajo asociado<\/b><span style=\"font-weight: 400;\">, que te permite emitir facturas sin estar de alta como aut\u00f3nomo\/a.<\/span><\/p><\/li><li style=\"font-weight: 400;\" aria-level=\"1\"><p><span style=\"font-weight: 400;\">O simplemente esperar a tener ingresos <\/span><b>suficientes y recurrentes<\/b><span style=\"font-weight: 400;\"> que confirmen que tu idea funciona.<\/span><\/p><\/li><\/ul><p><span style=\"font-weight: 400;\">Cuando ya tengas esa validaci\u00f3n y empieces a generar ingresos de forma constante, <\/span><b>entonces s\u00ed<\/b><span style=\"font-weight: 400;\">, es momento de formalizarte.<\/span><\/p><h2>2. Si vas a solicitar un cr\u00e9dito o pr\u00e9stamo<\/h2><p><span style=\"font-weight: 400;\">En este caso, puedes presentar la solicitud sin estar de alta todav\u00eda, pero la entidad financiera te pedir\u00e1 darte de alta una vez la financiaci\u00f3n haya sido aprobada.<\/span><\/p><p><span style=\"font-weight: 400;\">Es decir, <\/span><b>primero tramita, luego formaliza<\/b><span style=\"font-weight: 400;\">.<\/span><span style=\"font-weight: 400;\"><br \/><\/span><span style=\"font-weight: 400;\">As\u00ed evitas pagar cotizaciones innecesarias antes de tener asegurada la inversi\u00f3n.<\/span><\/p><h2>3. Si vas a capitalizar el paro o solicitar una subvenci\u00f3n o ayuda<\/h2><p><span style=\"font-weight: 400;\">Aqu\u00ed el escenario cambia.<\/span><\/p><p><span style=\"font-weight: 400;\">En la <\/span><b>capitalizaci\u00f3n del paro (pago \u00fanico)<\/b><span style=\"font-weight: 400;\">, <\/span><b>no debes darte de alta antes de solicitarla<\/b><span style=\"font-weight: 400;\">.<\/span><span style=\"font-weight: 400;\"><br \/><\/span><span style=\"font-weight: 400;\"> Primero se presenta la solicitud ante el SEPE y, una vez aprobada, se abre un plazo, generalmente de 30 d\u00edas, para tramitar el alta como aut\u00f3nomo\/a y presentar la documentaci\u00f3n correspondiente.<\/span><span style=\"font-weight: 400;\"><br \/><\/span><span style=\"font-weight: 400;\"> Si te das de alta antes, puedes perder el derecho a la ayuda.<\/span><\/p><p><span style=\"font-weight: 400;\">En cambio, para algunas subvenciones auton\u00f3micas o municipales, s\u00ed se exige estar de alta en el momento de la solicitud o, como m\u00e1ximo, darse de alta dentro del plazo que indique la convocatoria.<\/span><\/p><p><span style=\"font-weight: 400;\">Por eso, <\/span><b>lee bien las bases<\/b><span style=\"font-weight: 400;\"> (o revisa el caso con tu gestor\/a) antes de dar ning\u00fan paso.<\/span><span style=\"font-weight: 400;\"><br \/><\/span><span style=\"font-weight: 400;\">Y si est\u00e1s valorando pedir una ayuda, recuerda que los procesos suelen ser lentos, burocr\u00e1ticos y con plazos extensos.<\/span><\/p><p><span style=\"font-weight: 400;\">Mi recomendaci\u00f3n es <\/span><b>no depender de este recurso para empezar tu negocio<\/b><span style=\"font-weight: 400;\">, sino planificar con margen y con tus propios recursos iniciales.<\/span><\/p><p><span style=\"font-weight: 400;\">En todo caso, antes de formalizar tu alta, <\/span><b>planifica bien el momento<\/b><span style=\"font-weight: 400;\"> para no quedarte fuera de la ayuda ni empezar a pagar cotizaciones antes de tiempo.<\/span><\/p><h2>Bonus: b\u00fascate un buen gestor\/a<\/h2><p><span style=\"font-weight: 400;\">Otro punto que no se menciona tanto, y que es fundamental,\u00a0 es <\/span><b>elegir bien a la persona que llevar\u00e1 tu gesti\u00f3n fiscal y administrativa<\/b><span style=\"font-weight: 400;\">.<\/span><\/p><p><span style=\"font-weight: 400;\">He visto muchos casos en los que los problemas no vienen del negocio en s\u00ed, sino de errores del gestor\/a, no presentar un modelo a tiempo, no solicitar una bonificaci\u00f3n en plazo o tramitar mal una alta puede acabar generando sanciones, p\u00e9rdida de ayudas y beneficios o pagos innecesarios.<\/span><\/p><p><span style=\"font-weight: 400;\">Por eso, busca a alguien:<\/span><\/p><ul><li style=\"font-weight: 400;\" aria-level=\"1\"><p><span style=\"font-weight: 400;\">Que conozca bien la normativa actualizada para aut\u00f3nomos y emprendedores.<\/span><\/p><\/li><li style=\"font-weight: 400;\" aria-level=\"1\"><p><span style=\"font-weight: 400;\">Que te explique las cosas con claridad, no solo te las gestione.<\/span><\/p><\/li><li style=\"font-weight: 400;\" aria-level=\"1\"><p><span style=\"font-weight: 400;\">Y sobre todo, que <\/span><b>te acompa\u00f1e estrat\u00e9gicamente<\/b><span style=\"font-weight: 400;\">, est\u00e9 por ti, no solo por Hacienda.<\/span><\/p><\/li><\/ul><p><span style=\"font-weight: 400;\">Un buen gestor o gestora protege tu tiempo, tu dinero y tu tranquilidad.<\/span><\/p><p><b>En conclusi\u00f3n\u00a0<\/b><\/p><p><span style=\"font-weight: 400;\">No hay una \u00fanica respuesta v\u00e1lida a esta pregunta.<\/span><span style=\"font-weight: 400;\"><br \/><\/span><span style=\"font-weight: 400;\">Depende del momento en el que est\u00e9s y del tipo de financiaci\u00f3n o validaci\u00f3n que necesites.<\/span><\/p><p><span style=\"font-weight: 400;\">Lo importante es <\/span><b>planificarlo de forma estrat\u00e9gica<\/b><span style=\"font-weight: 400;\"> para no quedarte fuera de ayudas ni asumir costes antes de tiempo.<\/span><\/p><p><span style=\"font-weight: 400;\">Si tienes dudas o quieres que te acompa\u00f1e en este proceso, <\/span><a href=\"https:\/\/mariselavasquez.es\/en\/contacto\/\"><span style=\"font-weight: 400;\">hablemos.<\/span><span style=\"font-weight: 400;\"><br \/><\/span><\/a><span style=\"font-weight: 400;\">A veces, una buena decisi\u00f3n a tiempo puede ahorrarte muchos quebraderos de cabeza despu\u00e9s. \ud83d\udca1<\/span><\/p>\t\t\t\t\t\t<\/div>\n\t\t\t\t<\/div>\n\t\t\t\t\t<\/div>\n\t\t\t\t<\/div>\n\t\t<div class=\"elementor-element elementor-element-5aa80c14 e-con-full e-flex e-con e-child\" data-id=\"5aa80c14\" data-element_type=\"container\">\n\t\t\t\t<div class=\"elementor-element elementor-element-56daa20a elementor-widget elementor-widget-heading\" data-id=\"56daa20a\" data-element_type=\"widget\" data-widget_type=\"heading.default\">\n\t\t\t\t<div class=\"elementor-widget-container\">\n\t\t\t<span class=\"elementor-heading-title elementor-size-default\">Share the Post:<\/span>\t\t<\/div>\n\t\t\t\t<\/div>\n\t\t\t\t<div class=\"elementor-element elementor-element-6a7b2d3 elementor-share-buttons--view-icon elementor-share-buttons--skin-minimal elementor-share-buttons--color-custom elementor-share-buttons--shape-square elementor-grid-0 elementor-widget elementor-widget-share-buttons\" data-id=\"6a7b2d3\" data-element_type=\"widget\" data-widget_type=\"share-buttons.default\">\n\t\t\t\t<div class=\"elementor-widget-container\">\n\t\t\t\t\t<div class=\"elementor-grid\">\n\t\t\t\t\t\t\t\t<div class=\"elementor-grid-item\">\n\t\t\t\t\t\t<div\n\t\t\t\t\t\t\tclass=\"elementor-share-btn elementor-share-btn_facebook\"\n\t\t\t\t\t\t\trole=\"button\"\n\t\t\t\t\t\t\ttabindex=\"0\"\n\t\t\t\t\t\t\taria-label=\"Share on facebook\" data-no-translation-aria-label=\"\"\n\t\t\t\t\t\t>\n\t\t\t\t\t\t\t\t\t\t\t\t\t\t\t<span class=\"elementor-share-btn__icon\">\n\t\t\t\t\t\t\t\t<svg class=\"e-font-icon-svg e-fab-facebook\" viewbox=\"0 0 512 512\" xmlns=\"http:\/\/www.w3.org\/2000\/svg\"><path d=\"M504 256C504 119 393 8 256 8S8 119 8 256c0 123.78 90.69 226.38 209.25 245V327.69h-63V256h63v-54.64c0-62.15 37-96.48 93.67-96.48 27.14 0 55.52 4.84 55.52 4.84v61h-31.28c-30.8 0-40.41 19.12-40.41 38.73V256h68.78l-11 71.69h-57.78V501C413.31 482.38 504 379.78 504 256z\"><\/path><\/svg>\t\t\t\t\t\t\t<\/span>\n\t\t\t\t\t\t\t\t\t\t\t\t\t\t\t\t\t\t\t\t<\/div>\n\t\t\t\t\t<\/div>\n\t\t\t\t\t\t\t\t\t<div class=\"elementor-grid-item\">\n\t\t\t\t\t\t<div\n\t\t\t\t\t\t\tclass=\"elementor-share-btn elementor-share-btn_twitter\"\n\t\t\t\t\t\t\trole=\"button\"\n\t\t\t\t\t\t\ttabindex=\"0\"\n\t\t\t\t\t\t\taria-label=\"Share on twitter\" data-no-translation-aria-label=\"\"\n\t\t\t\t\t\t>\n\t\t\t\t\t\t\t\t\t\t\t\t\t\t\t<span class=\"elementor-share-btn__icon\">\n\t\t\t\t\t\t\t\t<svg class=\"e-font-icon-svg e-fab-twitter\" viewbox=\"0 0 512 512\" xmlns=\"http:\/\/www.w3.org\/2000\/svg\"><path d=\"M459.37 151.716c.325 4.548.325 9.097.325 13.645 0 138.72-105.583 298.558-298.558 298.558-59.452 0-114.68-17.219-161.137-47.106 8.447.974 16.568 1.299 25.34 1.299 49.055 0 94.213-16.568 130.274-44.832-46.132-.975-84.792-31.188-98.112-72.772 6.498.974 12.995 1.624 19.818 1.624 9.421 0 18.843-1.3 27.614-3.573-48.081-9.747-84.143-51.98-84.143-102.985v-1.299c13.969 7.797 30.214 12.67 47.431 13.319-28.264-18.843-46.781-51.005-46.781-87.391 0-19.492 5.197-37.36 14.294-52.954 51.655 63.675 129.3 105.258 216.365 109.807-1.624-7.797-2.599-15.918-2.599-24.04 0-57.828 46.782-104.934 104.934-104.934 30.213 0 57.502 12.67 76.67 33.137 23.715-4.548 46.456-13.32 66.599-25.34-7.798 24.366-24.366 44.833-46.132 57.827 21.117-2.273 41.584-8.122 60.426-16.243-14.292 20.791-32.161 39.308-52.628 54.253z\"><\/path><\/svg>\t\t\t\t\t\t\t<\/span>\n\t\t\t\t\t\t\t\t\t\t\t\t\t\t\t\t\t\t\t\t<\/div>\n\t\t\t\t\t<\/div>\n\t\t\t\t\t\t\t\t\t<div class=\"elementor-grid-item\">\n\t\t\t\t\t\t<div\n\t\t\t\t\t\t\tclass=\"elementor-share-btn elementor-share-btn_linkedin\"\n\t\t\t\t\t\t\trole=\"button\"\n\t\t\t\t\t\t\ttabindex=\"0\"\n\t\t\t\t\t\t\taria-label=\"Share on linkedin\" data-no-translation-aria-label=\"\"\n\t\t\t\t\t\t>\n\t\t\t\t\t\t\t\t\t\t\t\t\t\t\t<span class=\"elementor-share-btn__icon\">\n\t\t\t\t\t\t\t\t<svg class=\"e-font-icon-svg e-fab-linkedin\" viewbox=\"0 0 448 512\" xmlns=\"http:\/\/www.w3.org\/2000\/svg\"><path d=\"M416 32H31.9C14.3 32 0 46.5 0 64.3v383.4C0 465.5 14.3 480 31.9 480H416c17.6 0 32-14.5 32-32.3V64.3c0-17.8-14.4-32.3-32-32.3zM135.4 416H69V202.2h66.5V416zm-33.2-243c-21.3 0-38.5-17.3-38.5-38.5S80.9 96 102.2 96c21.2 0 38.5 17.3 38.5 38.5 0 21.3-17.2 38.5-38.5 38.5zm282.1 243h-66.4V312c0-24.8-.5-56.7-34.5-56.7-34.6 0-39.9 27-39.9 54.9V416h-66.4V202.2h63.7v29.2h.9c8.9-16.8 30.6-34.5 62.9-34.5 67.2 0 79.7 44.3 79.7 101.9V416z\"><\/path><\/svg>\t\t\t\t\t\t\t<\/span>\n\t\t\t\t\t\t\t\t\t\t\t\t\t\t\t\t\t\t\t\t<\/div>\n\t\t\t\t\t<\/div>\n\t\t\t\t\t\t<\/div>\n\t\t\t\t<\/div>\n\t\t\t\t<\/div>\n\t\t\t\t<\/div>\n\t\t<div class=\"elementor-element elementor-element-503a0fb e-flex e-con-boxed e-con e-parent\" data-id=\"503a0fb\" data-element_type=\"container\">\n\t\t\t\t\t<div class=\"e-con-inner\">\n\t\t\t\t<div class=\"elementor-element elementor-element-25812c41 elementor-widget elementor-widget-heading\" data-id=\"25812c41\" data-element_type=\"widget\" data-widget_type=\"heading.default\">\n\t\t\t\t<div class=\"elementor-widget-container\">\n\t\t\t<h2 class=\"elementor-heading-title elementor-size-default\">Entradas relacionados<\/h2>\t\t<\/div>\n\t\t\t\t<\/div>\n\t\t\t\t<div class=\"elementor-element elementor-element-6abb1d16 elementor-posts__hover-none elementor-grid-2 elementor-grid-tablet-2 elementor-grid-mobile-1 elementor-posts--thumbnail-top elementor-widget elementor-widget-posts\" data-id=\"6abb1d16\" data-element_type=\"widget\" data-settings=\"{&quot;cards_row_gap&quot;:{&quot;unit&quot;:&quot;px&quot;,&quot;size&quot;:65,&quot;sizes&quot;:[]},&quot;cards_row_gap_tablet&quot;:{&quot;unit&quot;:&quot;px&quot;,&quot;size&quot;:71,&quot;sizes&quot;:[]},&quot;cards_row_gap_mobile&quot;:{&quot;unit&quot;:&quot;px&quot;,&quot;size&quot;:30,&quot;sizes&quot;:[]},&quot;cards_columns&quot;:&quot;2&quot;,&quot;cards_columns_tablet&quot;:&quot;2&quot;,&quot;cards_columns_mobile&quot;:&quot;1&quot;}\" data-widget_type=\"posts.cards\">\n\t\t\t\t<div class=\"elementor-widget-container\">\n\t\t\t\t\t<div class=\"elementor-posts-container elementor-posts elementor-posts--skin-cards elementor-grid\">\n\t\t\t\t<article class=\"elementor-post elementor-grid-item post-2075 post type-post status-publish format-standard has-post-thumbnail hentry category-uncategorized\">\n\t\t\t<div class=\"elementor-post__card\">\n\t\t\t\t<a class=\"elementor-post__thumbnail__link\" href=\"https:\/\/mariselavasquez.es\/en\/blog\/cuando-darse-de-alta-autonomo-espana\/\" tabindex=\"-1\" ><div class=\"elementor-post__thumbnail\"><img decoding=\"async\" width=\"1200\" height=\"1500\" src=\"https:\/\/mariselavasquez.es\/wp-content\/uploads\/2025\/10\/Antes-de-invertir-invierte-en-ti-por-marisela-vasquez.webp\" class=\"attachment-full size-full wp-image-2082\" alt=\"\" srcset=\"https:\/\/mariselavasquez.es\/wp-content\/uploads\/2025\/10\/Antes-de-invertir-invierte-en-ti-por-marisela-vasquez.webp 1200w, https:\/\/mariselavasquez.es\/wp-content\/uploads\/2025\/10\/Antes-de-invertir-invierte-en-ti-por-marisela-vasquez-240x300.webp 240w, https:\/\/mariselavasquez.es\/wp-content\/uploads\/2025\/10\/Antes-de-invertir-invierte-en-ti-por-marisela-vasquez-819x1024.webp 819w, https:\/\/mariselavasquez.es\/wp-content\/uploads\/2025\/10\/Antes-de-invertir-invierte-en-ti-por-marisela-vasquez-768x960.webp 768w, https:\/\/mariselavasquez.es\/wp-content\/uploads\/2025\/10\/Antes-de-invertir-invierte-en-ti-por-marisela-vasquez-10x12.webp 10w\" sizes=\"(max-width: 1200px) 100vw, 1200px\" \/><\/div><\/a>\n\t\t\t\t<div class=\"elementor-post__text\">\n\t\t\t\t<h3 class=\"elementor-post__title\">\n\t\t\t<a href=\"https:\/\/mariselavasquez.es\/en\/blog\/cuando-darse-de-alta-autonomo-espana\/\" >\n\t\t\t\t\u00bfCu\u00e1ndo darse de alta como aut\u00f3nomo en Espa\u00f1a?\t\t\t<\/a>\n\t\t<\/h3>\n\t\t\t\t<\/div>\n\t\t\t\t\t<\/div>\n\t\t<\/article>\n\t\t\t\t<article class=\"elementor-post elementor-grid-item post-2049 post type-post status-publish format-standard has-post-thumbnail hentry category-uncategorized\">\n\t\t\t<div class=\"elementor-post__card\">\n\t\t\t\t<a class=\"elementor-post__thumbnail__link\" href=\"https:\/\/mariselavasquez.es\/en\/blog\/5-errores-comunes-al-buscar-financiacion\/\" tabindex=\"-1\" ><div class=\"elementor-post__thumbnail\"><img decoding=\"async\" width=\"1200\" height=\"1500\" src=\"https:\/\/mariselavasquez.es\/wp-content\/uploads\/2025\/09\/Antes-de-invertir-invierte-en-ti-por-marisela-vasquez.webp\" class=\"attachment-full size-full wp-image-2057\" alt=\"error 404 construido con legos\" srcset=\"https:\/\/mariselavasquez.es\/wp-content\/uploads\/2025\/09\/Antes-de-invertir-invierte-en-ti-por-marisela-vasquez.webp 1200w, https:\/\/mariselavasquez.es\/wp-content\/uploads\/2025\/09\/Antes-de-invertir-invierte-en-ti-por-marisela-vasquez-240x300.webp 240w, https:\/\/mariselavasquez.es\/wp-content\/uploads\/2025\/09\/Antes-de-invertir-invierte-en-ti-por-marisela-vasquez-819x1024.webp 819w, https:\/\/mariselavasquez.es\/wp-content\/uploads\/2025\/09\/Antes-de-invertir-invierte-en-ti-por-marisela-vasquez-768x960.webp 768w, https:\/\/mariselavasquez.es\/wp-content\/uploads\/2025\/09\/Antes-de-invertir-invierte-en-ti-por-marisela-vasquez-10x12.webp 10w\" sizes=\"(max-width: 1200px) 100vw, 1200px\" \/><\/div><\/a>\n\t\t\t\t<div class=\"elementor-post__text\">\n\t\t\t\t<h3 class=\"elementor-post__title\">\n\t\t\t<a href=\"https:\/\/mariselavasquez.es\/en\/blog\/5-errores-comunes-al-buscar-financiacion\/\" >\n\t\t\t\t5 errores comunes al buscar financiaci\u00f3n (y c\u00f3mo evitarlos)\t\t\t<\/a>\n\t\t<\/h3>\n\t\t\t\t<\/div>\n\t\t\t\t\t<\/div>\n\t\t<\/article>\n\t\t\t\t<\/div>\n\t\t\n\t\t\t\t<\/div>\n\t\t\t\t<\/div>\n\t\t\t\t\t<\/div>\n\t\t\t\t<\/div>\n\t\t\t\t<\/div>","protected":false},"excerpt":{"rendered":"<p>\u00bfEst\u00e1s pensando en darte de alta como aut\u00f3nomo\/a? \u26d4 Antes de hacerlo, para un momento y lee esto.Aqu\u00ed te cuento<\/p>","protected":false},"author":1,"featured_media":2082,"comment_status":"open","ping_status":"open","sticky":false,"template":"","format":"standard","meta":{"footnotes":""},"categories":[1],"tags":[],"class_list":["post-2075","post","type-post","status-publish","format-standard","has-post-thumbnail","hentry","category-uncategorized"],"yoast_head":"<!-- This site is optimized with the Yoast SEO plugin v24.0 - https:\/\/yoast.com\/wordpress\/plugins\/seo\/ -->\n<title>\u00bfCu\u00e1ndo darse de alta como aut\u00f3nomo en Espa\u00f1a? - Marisela Vasquez<\/title>\n<meta name=\"description\" content=\"Evita pagar cuotas y perder bonificaciones. Aprende cu\u00e1ndo darte de alta como aut\u00f3nomo, c\u00f3mo usar la tarifa reducida y qu\u00e9 hacer si pides ayudas o capitalizas el paro.\" \/>\n<meta name=\"robots\" content=\"index, follow, max-snippet:-1, max-image-preview:large, max-video-preview:-1\" \/>\n<link rel=\"canonical\" href=\"https:\/\/mariselavasquez.es\/en\/blog\/cuando-darse-de-alta-autonomo-espana\/\" \/>\n<meta property=\"og:locale\" content=\"en_US\" \/>\n<meta property=\"og:type\" content=\"article\" \/>\n<meta property=\"og:title\" content=\"\u00bfCu\u00e1ndo darse de alta como aut\u00f3nomo en Espa\u00f1a? - Marisela Vasquez\" \/>\n<meta property=\"og:description\" content=\"Evita pagar cuotas y perder bonificaciones. Aprende cu\u00e1ndo darte de alta como aut\u00f3nomo, c\u00f3mo usar la tarifa reducida y qu\u00e9 hacer si pides ayudas o capitalizas el paro.\" \/>\n<meta property=\"og:url\" content=\"https:\/\/mariselavasquez.es\/en\/blog\/cuando-darse-de-alta-autonomo-espana\/\" \/>\n<meta property=\"og:site_name\" content=\"Marisela Vasquez\" \/>\n<meta property=\"article:published_time\" content=\"2025-10-15T20:25:21+00:00\" \/>\n<meta property=\"article:modified_time\" content=\"2025-10-16T09:27:57+00:00\" \/>\n<meta property=\"og:image\" content=\"https:\/\/mariselavasquez.es\/wp-content\/uploads\/2025\/10\/Antes-de-invertir-invierte-en-ti-por-marisela-vasquez.webp\" \/>\n\t<meta property=\"og:image:width\" content=\"1200\" \/>\n\t<meta property=\"og:image:height\" content=\"1500\" \/>\n\t<meta property=\"og:image:type\" content=\"image\/webp\" \/>\n<meta name=\"author\" content=\"Marisela Vasquez\" \/>\n<meta name=\"twitter:card\" content=\"summary_large_image\" \/>\n<meta name=\"twitter:label1\" content=\"Written by\" \/>\n\t<meta name=\"twitter:data1\" content=\"Marisela Vasquez\" \/>\n\t<meta name=\"twitter:label2\" content=\"Est. reading time\" \/>\n\t<meta name=\"twitter:data2\" content=\"5 minutes\" \/>\n<script type=\"application\/ld+json\" class=\"yoast-schema-graph\">{\"@context\":\"https:\/\/schema.org\",\"@graph\":[{\"@type\":\"Article\",\"@id\":\"https:\/\/mariselavasquez.es\/blog\/cuando-darse-de-alta-autonomo-espana\/#article\",\"isPartOf\":{\"@id\":\"https:\/\/mariselavasquez.es\/blog\/cuando-darse-de-alta-autonomo-espana\/\"},\"author\":{\"name\":\"Marisela Vasquez\",\"@id\":\"https:\/\/mariselavasquez.es\/#\/schema\/person\/6fe7b048b1884a8198e8ca76a0db6d8d\"},\"headline\":\"\u00bfCu\u00e1ndo darse de alta como aut\u00f3nomo en Espa\u00f1a?\",\"datePublished\":\"2025-10-15T20:25:21+00:00\",\"dateModified\":\"2025-10-16T09:27:57+00:00\",\"mainEntityOfPage\":{\"@id\":\"https:\/\/mariselavasquez.es\/blog\/cuando-darse-de-alta-autonomo-espana\/\"},\"wordCount\":895,\"commentCount\":0,\"publisher\":{\"@id\":\"https:\/\/mariselavasquez.es\/#organization\"},\"image\":{\"@id\":\"https:\/\/mariselavasquez.es\/blog\/cuando-darse-de-alta-autonomo-espana\/#primaryimage\"},\"thumbnailUrl\":\"https:\/\/mariselavasquez.es\/wp-content\/uploads\/2025\/10\/Antes-de-invertir-invierte-en-ti-por-marisela-vasquez.webp\",\"inLanguage\":\"en-US\",\"potentialAction\":[{\"@type\":\"CommentAction\",\"name\":\"Comment\",\"target\":[\"https:\/\/mariselavasquez.es\/blog\/cuando-darse-de-alta-autonomo-espana\/#respond\"]}]},{\"@type\":\"WebPage\",\"@id\":\"https:\/\/mariselavasquez.es\/blog\/cuando-darse-de-alta-autonomo-espana\/\",\"url\":\"https:\/\/mariselavasquez.es\/blog\/cuando-darse-de-alta-autonomo-espana\/\",\"name\":\"\u00bfCu\u00e1ndo darse de alta como aut\u00f3nomo en Espa\u00f1a? - Marisela Vasquez\",\"isPartOf\":{\"@id\":\"https:\/\/mariselavasquez.es\/#website\"},\"primaryImageOfPage\":{\"@id\":\"https:\/\/mariselavasquez.es\/blog\/cuando-darse-de-alta-autonomo-espana\/#primaryimage\"},\"image\":{\"@id\":\"https:\/\/mariselavasquez.es\/blog\/cuando-darse-de-alta-autonomo-espana\/#primaryimage\"},\"thumbnailUrl\":\"https:\/\/mariselavasquez.es\/wp-content\/uploads\/2025\/10\/Antes-de-invertir-invierte-en-ti-por-marisela-vasquez.webp\",\"datePublished\":\"2025-10-15T20:25:21+00:00\",\"dateModified\":\"2025-10-16T09:27:57+00:00\",\"description\":\"Evita pagar cuotas y perder bonificaciones. Aprende cu\u00e1ndo darte de alta como aut\u00f3nomo, c\u00f3mo usar la tarifa reducida y qu\u00e9 hacer si pides ayudas o capitalizas el paro.\",\"breadcrumb\":{\"@id\":\"https:\/\/mariselavasquez.es\/blog\/cuando-darse-de-alta-autonomo-espana\/#breadcrumb\"},\"inLanguage\":\"en-US\",\"potentialAction\":[{\"@type\":\"ReadAction\",\"target\":[\"https:\/\/mariselavasquez.es\/blog\/cuando-darse-de-alta-autonomo-espana\/\"]}]},{\"@type\":\"ImageObject\",\"inLanguage\":\"en-US\",\"@id\":\"https:\/\/mariselavasquez.es\/blog\/cuando-darse-de-alta-autonomo-espana\/#primaryimage\",\"url\":\"https:\/\/mariselavasquez.es\/wp-content\/uploads\/2025\/10\/Antes-de-invertir-invierte-en-ti-por-marisela-vasquez.webp\",\"contentUrl\":\"https:\/\/mariselavasquez.es\/wp-content\/uploads\/2025\/10\/Antes-de-invertir-invierte-en-ti-por-marisela-vasquez.webp\",\"width\":1200,\"height\":1500},{\"@type\":\"BreadcrumbList\",\"@id\":\"https:\/\/mariselavasquez.es\/blog\/cuando-darse-de-alta-autonomo-espana\/#breadcrumb\",\"itemListElement\":[{\"@type\":\"ListItem\",\"position\":1,\"name\":\"Home\",\"item\":\"https:\/\/mariselavasquez.es\/\"},{\"@type\":\"ListItem\",\"position\":2,\"name\":\"\u00bfCu\u00e1ndo darse de alta como aut\u00f3nomo en Espa\u00f1a?\"}]},{\"@type\":\"WebSite\",\"@id\":\"https:\/\/mariselavasquez.es\/#website\",\"url\":\"https:\/\/mariselavasquez.es\/\",\"name\":\"Marisela Vasquez\",\"description\":\"\",\"publisher\":{\"@id\":\"https:\/\/mariselavasquez.es\/#organization\"},\"potentialAction\":[{\"@type\":\"SearchAction\",\"target\":{\"@type\":\"EntryPoint\",\"urlTemplate\":\"https:\/\/mariselavasquez.es\/?s={search_term_string}\"},\"query-input\":{\"@type\":\"PropertyValueSpecification\",\"valueRequired\":true,\"valueName\":\"search_term_string\"}}],\"inLanguage\":\"en-US\"},{\"@type\":\"Organization\",\"@id\":\"https:\/\/mariselavasquez.es\/#organization\",\"name\":\"Marisela Vasquez\",\"url\":\"https:\/\/mariselavasquez.es\/\",\"logo\":{\"@type\":\"ImageObject\",\"inLanguage\":\"en-US\",\"@id\":\"https:\/\/mariselavasquez.es\/#\/schema\/logo\/image\/\",\"url\":\"https:\/\/mariselavasquez.es\/wp-content\/uploads\/2024\/11\/Marisela-Logo-azul-.png\",\"contentUrl\":\"https:\/\/mariselavasquez.es\/wp-content\/uploads\/2024\/11\/Marisela-Logo-azul-.png\",\"width\":527,\"height\":194,\"caption\":\"Marisela Vasquez\"},\"image\":{\"@id\":\"https:\/\/mariselavasquez.es\/#\/schema\/logo\/image\/\"}},{\"@type\":\"Person\",\"@id\":\"https:\/\/mariselavasquez.es\/#\/schema\/person\/6fe7b048b1884a8198e8ca76a0db6d8d\",\"name\":\"Marisela Vasquez\",\"image\":{\"@type\":\"ImageObject\",\"inLanguage\":\"en-US\",\"@id\":\"https:\/\/mariselavasquez.es\/#\/schema\/person\/image\/\",\"url\":\"https:\/\/secure.gravatar.com\/avatar\/bc820075dab59b4ef96db75639abfccb6758939f56b6f15522d90d3652833896?s=96&d=mm&r=g\",\"contentUrl\":\"https:\/\/secure.gravatar.com\/avatar\/bc820075dab59b4ef96db75639abfccb6758939f56b6f15522d90d3652833896?s=96&d=mm&r=g\",\"caption\":\"Marisela Vasquez\"},\"sameAs\":[\"https:\/\/mariselavasquez.es\"],\"url\":\"https:\/\/mariselavasquez.es\/en\/blog\/author\/moxie_admin\/\"}]}<\/script>\n<!-- \/ Yoast SEO plugin. -->","yoast_head_json":{"title":"\u00bfCu\u00e1ndo darse de alta como aut\u00f3nomo en Espa\u00f1a? - Marisela Vasquez","description":"Evita pagar cuotas y perder bonificaciones. Aprende cu\u00e1ndo darte de alta como aut\u00f3nomo, c\u00f3mo usar la tarifa reducida y qu\u00e9 hacer si pides ayudas o capitalizas el paro.","robots":{"index":"index","follow":"follow","max-snippet":"max-snippet:-1","max-image-preview":"max-image-preview:large","max-video-preview":"max-video-preview:-1"},"canonical":"https:\/\/mariselavasquez.es\/en\/blog\/cuando-darse-de-alta-autonomo-espana\/","og_locale":"en_US","og_type":"article","og_title":"\u00bfCu\u00e1ndo darse de alta como aut\u00f3nomo en Espa\u00f1a? - Marisela Vasquez","og_description":"Evita pagar cuotas y perder bonificaciones. Aprende cu\u00e1ndo darte de alta como aut\u00f3nomo, c\u00f3mo usar la tarifa reducida y qu\u00e9 hacer si pides ayudas o capitalizas el paro.","og_url":"https:\/\/mariselavasquez.es\/en\/blog\/cuando-darse-de-alta-autonomo-espana\/","og_site_name":"Marisela Vasquez","article_published_time":"2025-10-15T20:25:21+00:00","article_modified_time":"2025-10-16T09:27:57+00:00","og_image":[{"width":1200,"height":1500,"url":"https:\/\/mariselavasquez.es\/wp-content\/uploads\/2025\/10\/Antes-de-invertir-invierte-en-ti-por-marisela-vasquez.webp","type":"image\/webp"}],"author":"Marisela Vasquez","twitter_card":"summary_large_image","twitter_misc":{"Written by":"Marisela Vasquez","Est. reading time":"5 minutes"},"schema":{"@context":"https:\/\/schema.org","@graph":[{"@type":"Article","@id":"https:\/\/mariselavasquez.es\/blog\/cuando-darse-de-alta-autonomo-espana\/#article","isPartOf":{"@id":"https:\/\/mariselavasquez.es\/blog\/cuando-darse-de-alta-autonomo-espana\/"},"author":{"name":"Marisela Vasquez","@id":"https:\/\/mariselavasquez.es\/#\/schema\/person\/6fe7b048b1884a8198e8ca76a0db6d8d"},"headline":"\u00bfCu\u00e1ndo darse de alta como aut\u00f3nomo en Espa\u00f1a?","datePublished":"2025-10-15T20:25:21+00:00","dateModified":"2025-10-16T09:27:57+00:00","mainEntityOfPage":{"@id":"https:\/\/mariselavasquez.es\/blog\/cuando-darse-de-alta-autonomo-espana\/"},"wordCount":895,"commentCount":0,"publisher":{"@id":"https:\/\/mariselavasquez.es\/#organization"},"image":{"@id":"https:\/\/mariselavasquez.es\/blog\/cuando-darse-de-alta-autonomo-espana\/#primaryimage"},"thumbnailUrl":"https:\/\/mariselavasquez.es\/wp-content\/uploads\/2025\/10\/Antes-de-invertir-invierte-en-ti-por-marisela-vasquez.webp","inLanguage":"en-US","potentialAction":[{"@type":"CommentAction","name":"Comment","target":["https:\/\/mariselavasquez.es\/blog\/cuando-darse-de-alta-autonomo-espana\/#respond"]}]},{"@type":"WebPage","@id":"https:\/\/mariselavasquez.es\/blog\/cuando-darse-de-alta-autonomo-espana\/","url":"https:\/\/mariselavasquez.es\/blog\/cuando-darse-de-alta-autonomo-espana\/","name":"\u00bfCu\u00e1ndo darse de alta como aut\u00f3nomo en Espa\u00f1a? - Marisela Vasquez","isPartOf":{"@id":"https:\/\/mariselavasquez.es\/#website"},"primaryImageOfPage":{"@id":"https:\/\/mariselavasquez.es\/blog\/cuando-darse-de-alta-autonomo-espana\/#primaryimage"},"image":{"@id":"https:\/\/mariselavasquez.es\/blog\/cuando-darse-de-alta-autonomo-espana\/#primaryimage"},"thumbnailUrl":"https:\/\/mariselavasquez.es\/wp-content\/uploads\/2025\/10\/Antes-de-invertir-invierte-en-ti-por-marisela-vasquez.webp","datePublished":"2025-10-15T20:25:21+00:00","dateModified":"2025-10-16T09:27:57+00:00","description":"Evita pagar cuotas y perder bonificaciones. Aprende cu\u00e1ndo darte de alta como aut\u00f3nomo, c\u00f3mo usar la tarifa reducida y qu\u00e9 hacer si pides ayudas o capitalizas el paro.","breadcrumb":{"@id":"https:\/\/mariselavasquez.es\/blog\/cuando-darse-de-alta-autonomo-espana\/#breadcrumb"},"inLanguage":"en-US","potentialAction":[{"@type":"ReadAction","target":["https:\/\/mariselavasquez.es\/blog\/cuando-darse-de-alta-autonomo-espana\/"]}]},{"@type":"ImageObject","inLanguage":"en-US","@id":"https:\/\/mariselavasquez.es\/blog\/cuando-darse-de-alta-autonomo-espana\/#primaryimage","url":"https:\/\/mariselavasquez.es\/wp-content\/uploads\/2025\/10\/Antes-de-invertir-invierte-en-ti-por-marisela-vasquez.webp","contentUrl":"https:\/\/mariselavasquez.es\/wp-content\/uploads\/2025\/10\/Antes-de-invertir-invierte-en-ti-por-marisela-vasquez.webp","width":1200,"height":1500},{"@type":"BreadcrumbList","@id":"https:\/\/mariselavasquez.es\/blog\/cuando-darse-de-alta-autonomo-espana\/#breadcrumb","itemListElement":[{"@type":"ListItem","position":1,"name":"Home","item":"https:\/\/mariselavasquez.es\/"},{"@type":"ListItem","position":2,"name":"\u00bfCu\u00e1ndo darse de alta como aut\u00f3nomo en Espa\u00f1a?"}]},{"@type":"WebSite","@id":"https:\/\/mariselavasquez.es\/#website","url":"https:\/\/mariselavasquez.es\/","name":"Marisela Vasquez","description":"","publisher":{"@id":"https:\/\/mariselavasquez.es\/#organization"},"potentialAction":[{"@type":"SearchAction","target":{"@type":"EntryPoint","urlTemplate":"https:\/\/mariselavasquez.es\/?s={search_term_string}"},"query-input":{"@type":"PropertyValueSpecification","valueRequired":true,"valueName":"search_term_string"}}],"inLanguage":"en-US"},{"@type":"Organization","@id":"https:\/\/mariselavasquez.es\/#organization","name":"Marisela Vasquez","url":"https:\/\/mariselavasquez.es\/","logo":{"@type":"ImageObject","inLanguage":"en-US","@id":"https:\/\/mariselavasquez.es\/#\/schema\/logo\/image\/","url":"https:\/\/mariselavasquez.es\/wp-content\/uploads\/2024\/11\/Marisela-Logo-azul-.png","contentUrl":"https:\/\/mariselavasquez.es\/wp-content\/uploads\/2024\/11\/Marisela-Logo-azul-.png","width":527,"height":194,"caption":"Marisela Vasquez"},"image":{"@id":"https:\/\/mariselavasquez.es\/#\/schema\/logo\/image\/"}},{"@type":"Person","@id":"https:\/\/mariselavasquez.es\/#\/schema\/person\/6fe7b048b1884a8198e8ca76a0db6d8d","name":"Marisela Vasquez","image":{"@type":"ImageObject","inLanguage":"en-US","@id":"https:\/\/mariselavasquez.es\/#\/schema\/person\/image\/","url":"https:\/\/secure.gravatar.com\/avatar\/bc820075dab59b4ef96db75639abfccb6758939f56b6f15522d90d3652833896?s=96&d=mm&r=g","contentUrl":"https:\/\/secure.gravatar.com\/avatar\/bc820075dab59b4ef96db75639abfccb6758939f56b6f15522d90d3652833896?s=96&d=mm&r=g","caption":"Marisela Vasquez"},"sameAs":["https:\/\/mariselavasquez.es"],"url":"https:\/\/mariselavasquez.es\/en\/blog\/author\/moxie_admin\/"}]}},"_links":{"self":[{"href":"https:\/\/mariselavasquez.es\/en\/wp-json\/wp\/v2\/posts\/2075","targetHints":{"allow":["GET"]}}],"collection":[{"href":"https:\/\/mariselavasquez.es\/en\/wp-json\/wp\/v2\/posts"}],"about":[{"href":"https:\/\/mariselavasquez.es\/en\/wp-json\/wp\/v2\/types\/post"}],"author":[{"embeddable":true,"href":"https:\/\/mariselavasquez.es\/en\/wp-json\/wp\/v2\/users\/1"}],"replies":[{"embeddable":true,"href":"https:\/\/mariselavasquez.es\/en\/wp-json\/wp\/v2\/comments?post=2075"}],"version-history":[{"count":20,"href":"https:\/\/mariselavasquez.es\/en\/wp-json\/wp\/v2\/posts\/2075\/revisions"}],"predecessor-version":[{"id":2098,"href":"https:\/\/mariselavasquez.es\/en\/wp-json\/wp\/v2\/posts\/2075\/revisions\/2098"}],"wp:featuredmedia":[{"embeddable":true,"href":"https:\/\/mariselavasquez.es\/en\/wp-json\/wp\/v2\/media\/2082"}],"wp:attachment":[{"href":"https:\/\/mariselavasquez.es\/en\/wp-json\/wp\/v2\/media?parent=2075"}],"wp:term":[{"taxonomy":"category","embeddable":true,"href":"https:\/\/mariselavasquez.es\/en\/wp-json\/wp\/v2\/categories?post=2075"},{"taxonomy":"post_tag","embeddable":true,"href":"https:\/\/mariselavasquez.es\/en\/wp-json\/wp\/v2\/tags?post=2075"}],"curies":[{"name":"wp","href":"https:\/\/api.w.org\/{rel}","templated":true}]}}