{"id":1851,"date":"2025-08-06T19:52:35","date_gmt":"2025-08-06T19:52:35","guid":{"rendered":"https:\/\/mariselavasquez.es\/?p=1851"},"modified":"2025-09-03T20:11:43","modified_gmt":"2025-09-03T20:11:43","slug":"programa-de-formacion-para-emprendores","status":"publish","type":"post","link":"https:\/\/mariselavasquez.es\/en\/blog\/programa-de-formacion-para-emprendores\/","title":{"rendered":"Programas de formaci\u00f3n y asesor\u00eda para Emprendedores en Espa\u00f1a. El primer paso inteligente"},"content":{"rendered":"<div data-elementor-type=\"wp-post\" data-elementor-id=\"1851\" class=\"elementor elementor-1851\" data-elementor-post-type=\"post\">\n\t\t\t\t<div class=\"elementor-element elementor-element-d811458 e-flex e-con-boxed e-con e-parent\" data-id=\"d811458\" data-element_type=\"container\">\n\t\t\t\t\t<div class=\"e-con-inner\">\n\t\t\t\t<div class=\"elementor-element elementor-element-2c1e2fe elementor-widget elementor-widget-image\" data-id=\"2c1e2fe\" data-element_type=\"widget\" data-widget_type=\"image.default\">\n\t\t\t\t<div class=\"elementor-widget-container\">\n\t\t\t\t\t\t\t\t\t\t\t\t\t<img fetchpriority=\"high\" decoding=\"async\" width=\"800\" height=\"450\" src=\"https:\/\/mariselavasquez.es\/wp-content\/uploads\/2025\/08\/Antes-de-invertir-invierte-en-ti-por-Marisela-Vasquez-1024x576.png\" class=\"attachment-large size-large wp-image-1858\" alt=\"\" srcset=\"https:\/\/mariselavasquez.es\/wp-content\/uploads\/2025\/08\/Antes-de-invertir-invierte-en-ti-por-Marisela-Vasquez-1024x576.png 1024w, https:\/\/mariselavasquez.es\/wp-content\/uploads\/2025\/08\/Antes-de-invertir-invierte-en-ti-por-Marisela-Vasquez-300x169.png 300w, https:\/\/mariselavasquez.es\/wp-content\/uploads\/2025\/08\/Antes-de-invertir-invierte-en-ti-por-Marisela-Vasquez-768x432.png 768w, https:\/\/mariselavasquez.es\/wp-content\/uploads\/2025\/08\/Antes-de-invertir-invierte-en-ti-por-Marisela-Vasquez-18x10.png 18w, https:\/\/mariselavasquez.es\/wp-content\/uploads\/2025\/08\/Antes-de-invertir-invierte-en-ti-por-Marisela-Vasquez.png 1280w\" sizes=\"(max-width: 800px) 100vw, 800px\" \/>\t\t\t\t\t\t\t\t\t\t\t\t\t<\/div>\n\t\t\t\t<\/div>\n\t\t\t\t<div class=\"elementor-element elementor-element-4d0e639 elementor-widget elementor-widget-text-editor\" data-id=\"4d0e639\" data-element_type=\"widget\" data-widget_type=\"text-editor.default\">\n\t\t\t\t<div class=\"elementor-widget-container\">\n\t\t\t\t\t\t\t<p data-start=\"159\" data-end=\"373\">Emprender no siempre significa vender desde el primer d\u00eda o invertir grandes cantidades de dinero. Y si ya tienes un proyecto en marcha, tampoco significa que debas avanzar de forma aislada. <strong>El paso m\u00e1s inteligente y estrat\u00e9gico que puedes dar, est\u00e9s empezando o buscando crecer, es formarte y rodearte de apoyo profesional.<\/strong><\/p><p data-start=\"375\" data-end=\"679\">En Espa\u00f1a, tienes a tu alcance numerosos programas de formaci\u00f3n, cursos y asesor\u00eda para emprendedores, muchos de ellos gratuitos o financiados con fondos p\u00fablicos. Estos programas no solo te dan herramientas, tambi\u00e9n te acercan a personas que viven retos similares y a expertos que pueden guiarte en cada paso.<\/p><p data-start=\"681\" data-end=\"777\">Si tienes una idea de negocio, est\u00e1s en paro y valorando emprender, o ya tienes un proyecto en marcha y quieres formarte o contar con asesor\u00eda, este art\u00edculo es para ti.<\/p><h3><b>\u00bfPor qu\u00e9 formarte antes de emprender?<\/b><\/h3><p class=\"p1\">Antes de lanzarte, es vital aprender <strong>c\u00f3mo validar tu idea y entender c\u00f3mo funciona un negocio desde dentro.<\/strong><br data-start=\"935\" data-end=\"938\" \/>Las ganas son importantes, pero no suficientes si desconoces aspectos como la parte legal, financiera u operativa de un emprendimiento.<br data-start=\"1073\" data-end=\"1076\" \/>De hecho, gran parte de los negocios que cierran en sus dos primeros a\u00f1os no lo hacen por falta de motivaci\u00f3n\u2026 sino por falta de preparaci\u00f3n.<\/p><p>Estos recursos son \u00fatiles en todas las etapas, desde la <strong>ideaci\u00f3n y validaci\u00f3n<\/strong>, hasta la <strong>puesta en marcha o el crecimiento<\/strong> de un proyecto ya en funcionamiento.<\/p><h4><b>Beneficios de formarte antes de emprender:<\/b><\/h4><ul><li style=\"list-style-type: none;\"><ul><li data-start=\"1276\" data-end=\"1432\"><p data-start=\"1278\" data-end=\"1432\">Evitas errores costosos en validaci\u00f3n, an\u00e1lisis de mercado, fiscalidad, elecci\u00f3n de figura jur\u00eddica, contratos, licencias o inversiones mal gestionadas.<\/p><\/li><li data-start=\"1433\" data-end=\"1489\"><p data-start=\"1435\" data-end=\"1489\">Tomas decisiones estrat\u00e9gicas con una base realista.<\/p><\/li><li data-start=\"1490\" data-end=\"1592\"><p data-start=\"1492\" data-end=\"1592\">Facilita el acceso a ayudas o recursos p\u00fablicos y, aunque no siempre sea requisito, refuerza tu proyecto y tus posibilidades de obtener apoyo.<\/p><\/li><li data-start=\"1593\" data-end=\"1651\"><p data-start=\"1595\" data-end=\"1651\">Te conectas con expertos y redes de apoyo emprendedor.<\/p><\/li><li data-start=\"1652\" data-end=\"1757\"><p data-start=\"1654\" data-end=\"1757\">Conectas con personas que est\u00e1n en tu misma etapa, abriendo la puerta a sinergias y aprendizajes a los que, de otro modo, ser\u00eda dif\u00edcil acceder.<\/p><\/li><li data-start=\"1758\" data-end=\"1849\"><p data-start=\"1760\" data-end=\"1849\">Ganas habilidades y herramientas que puedes aplicar desde el minuto uno en tu proyecto.<\/p><\/li><\/ul><\/li><\/ul><h3><b>Tipos de programas de formaci\u00f3n y asesor\u00eda<\/b><\/h3><p class=\"p1\">No todos los programas para emprendedores son iguales.<br data-start=\"223\" data-end=\"226\" \/>Algunos se centran m\u00e1s en la parte acad\u00e9mica o t\u00e9cnica; otros, en el acompa\u00f1amiento pr\u00e1ctico y cercano.<br data-start=\"329\" data-end=\"332\" \/>Conocer las diferencias te ayudar\u00e1 a elegir el que mejor encaje con tu momento y tus necesidades.<\/p><h4><b>1. <\/b><b>Cursos para emprendedores (formaci\u00f3n t\u00e9cnica y pr\u00e1ctica)<\/b><\/h4><p data-start=\"508\" data-end=\"659\">Est\u00e1n pensados para darte los conocimientos esenciales -y tambi\u00e9n avanzados- que necesitas para arrancar con buen pie.<br data-start=\"628\" data-end=\"631\" \/>Suelen incluir temas como:<\/p><ul data-start=\"661\" data-end=\"869\"><li data-start=\"661\" data-end=\"698\"><p data-start=\"663\" data-end=\"698\">C\u00f3mo redactar un plan de negocio.<\/p><\/li><li data-start=\"699\" data-end=\"760\"><p data-start=\"701\" data-end=\"760\">Fiscalidad b\u00e1sica y obligaciones como aut\u00f3nomo o empresa.<\/p><\/li><li data-start=\"761\" data-end=\"798\"><p data-start=\"763\" data-end=\"798\">Estrategias de marketing digital.<\/p><\/li><li data-start=\"799\" data-end=\"826\"><p data-start=\"801\" data-end=\"826\">Finanzas empresariales.<\/p><\/li><li data-start=\"827\" data-end=\"869\"><p data-start=\"829\" data-end=\"869\">Herramientas digitales para emprender.<\/p><\/li><\/ul><p data-start=\"871\" data-end=\"1103\">Muchos los ofrecen entidades p\u00fablicas y privadas, tanto en formato online como presencial.<br data-start=\"961\" data-end=\"964\" \/>En algunos casos, al completarlos, obtendr\u00e1s un certificado que incluso puede servirte como requisito para acceder a determinadas ayudas.<\/p><h4 class=\"p1\"><b>2. <\/b><b>Asesoramiento personalizado<\/b><\/h4><p data-start=\"1151\" data-end=\"1360\">Este tipo de apoyo es especialmente \u00fatil si ya tienes una idea m\u00e1s concreta o quieres validar tu plan antes de dar el salto.<br data-start=\"1275\" data-end=\"1278\" \/>Trabajar\u00e1s de la mano de un t\u00e9cnico o mentor que revisar\u00e1 contigo aspectos como:<\/p><ul data-start=\"1362\" data-end=\"1591\"><li data-start=\"1362\" data-end=\"1410\"><p data-start=\"1364\" data-end=\"1410\">Los tr\u00e1mites que debes hacer y en qu\u00e9 orden.<\/p><\/li><li data-start=\"1411\" data-end=\"1473\"><p data-start=\"1413\" data-end=\"1473\">Si el local que tienes en mente puede obtener la licencia.<\/p><\/li><li data-start=\"1474\" data-end=\"1538\"><p data-start=\"1476\" data-end=\"1538\">Qu\u00e9 forma jur\u00eddica te conviene (aut\u00f3nomo, SL, cooperativa\u2026).<\/p><\/li><li data-start=\"1539\" data-end=\"1591\"><p data-start=\"1541\" data-end=\"1591\">Qu\u00e9 ayudas puedes solicitar y c\u00f3mo gestionarlas.<\/p><\/li><\/ul><p data-start=\"1593\" data-end=\"1796\">El asesoramiento puede ser puntual -una sesi\u00f3n espec\u00edfica- o continuado durante varios meses.<br data-start=\"1686\" data-end=\"1689\" \/>En algunos programas, se ofrece de forma gratuita como parte de la formaci\u00f3n, lo que multiplica su valor.<\/p><h4><b>3. <\/b><b>Acompa\u00f1amiento o aceleraci\u00f3n al emprendimiento (programas integrales)<\/b><\/h4><p data-start=\"194\" data-end=\"373\">Estos programas dan un paso m\u00e1s, combinan formaci\u00f3n, asesor\u00eda y un seguimiento constante para que no camines solo en el proceso.<br data-start=\"322\" data-end=\"325\" \/>Adem\u00e1s, muchos incluyen beneficios extras como:<\/p><ul data-start=\"375\" data-end=\"580\"><li data-start=\"375\" data-end=\"455\"><p data-start=\"377\" data-end=\"455\">Acceso a financiaci\u00f3n (microcr\u00e9ditos, inversores, convocatorias de ayudas\u2026).<\/p><\/li><li data-start=\"456\" data-end=\"513\"><p data-start=\"458\" data-end=\"513\">Participaci\u00f3n en espacios de coworking o incubadoras.<\/p><\/li><li data-start=\"514\" data-end=\"580\"><p data-start=\"516\" data-end=\"580\">Eventos de networking para ampliar tu red y ganar visibilidad.<\/p><\/li><li data-start=\"514\" data-end=\"580\">Mentor\u00edas 1-1<\/li><\/ul><p data-start=\"582\" data-end=\"857\">Son ideales si buscas una estructura y un acompa\u00f1amiento paso a paso, desde la idea inicial y captaci\u00f3n de los primeros clientes hasta el crecimiento y escalabilidad de tu negocio.<br data-start=\"708\" data-end=\"711\" \/>Suelen durar entre 2 y 6 meses y, en muchos casos, est\u00e1n financiados por fondos europeos e instituciones locales p\u00fablicas, lo que facilita su acceso.<\/p><h3><b>\u00bfD\u00f3nde encontrar estos programas?<\/b><\/h3><p data-start=\"430\" data-end=\"677\">En Espa\u00f1a, hay numerosas entidades que ofrecen formaci\u00f3n y asesor\u00eda para emprendedores.<br data-start=\"528\" data-end=\"531\" \/>Muchas funcionan con convenios p\u00fablicos y se han convertido en centros de referencia.<\/p><p data-start=\"679\" data-end=\"837\">Si est\u00e1s en Barcelona, adem\u00e1s de las opciones nacionales, cuentas con entidades locales y escuelas de negocio muy potentes.<\/p><p class=\"p1\">Aqu\u00ed te muestro las m\u00e1s destacadas:<\/p><h4 data-start=\"844\" data-end=\"887\"><strong data-start=\"848\" data-end=\"885\">Entidades locales en Barcelona<\/strong><\/h4><p data-start=\"889\" data-end=\"1293\"><strong data-start=\"889\" data-end=\"909\">Barcelona Activa<\/strong><br data-start=\"909\" data-end=\"912\" \/>Es el motor principal de apoyo al emprendimiento en la ciudad. Ofrece formaci\u00f3n gratuita, asesoramiento personalizado y programas integrales para todo tipo de perfiles, desde quien tiene solo una idea hasta negocios ya en marcha.<br data-start=\"1141\" data-end=\"1144\" \/>Incluye acceso a incubadoras, programas sectoriales y sesiones de networking.<br data-start=\"1221\" data-end=\"1224\" \/>\ud83d\udd17<a class=\"cursor-pointer\" href=\"https:\/\/www.barcelonactiva.cat\/es\/inicio\" target=\"_new\" rel=\"noopener\" data-start=\"1227\" data-end=\"1291\">https:\/\/www.barcelonactiva.cat\u00a0<\/a><\/p><p data-start=\"1295\" data-end=\"1618\"><strong data-start=\"1295\" data-end=\"1310\">Autocupaci\u00f3<\/strong><br data-start=\"1310\" data-end=\"1313\" \/>Especializada en ayudar a personas desempleadas o que quieren reinventarse profesionalmente. Ofrecen formaci\u00f3n en gesti\u00f3n empresarial, mentor\u00eda, acompa\u00f1amiento a largo plazo y acceso a microcr\u00e9ditos a trav\u00e9s de acuerdos con entidades financieras.<br data-start=\"1560\" data-end=\"1563\" \/>\ud83d\udd17 <a class=\"cursor-pointer\" href=\"https:\/\/www.autoocupacio.org\/es\/\" target=\"_new\" rel=\"noopener\" data-start=\"1566\" data-end=\"1616\">https:\/\/autocupacio.org<\/a><\/p><h4><b>C\u00e1maras de Comercio<\/b><\/h4><p data-start=\"1658\" data-end=\"1856\">Uno de los actores m\u00e1s activos en la formaci\u00f3n de emprendedores. Ofrecen talleres, programas anuales y asesor\u00eda personalizada. Adem\u00e1s, orientan sobre ayudas y tr\u00e1mites.<br data-start=\"1826\" data-end=\"1829\" \/><strong data-start=\"1829\" data-end=\"1854\">Programas destacados:<\/strong><\/p><ul data-start=\"1857\" data-end=\"2138\"><li data-start=\"1857\" data-end=\"1901\"><p data-start=\"1859\" data-end=\"1901\"><strong data-start=\"1859\" data-end=\"1868\">PAEM:<\/strong> apoyo a mujeres emprendedoras.<\/p><\/li><li data-start=\"1902\" data-end=\"1977\"><p data-start=\"1904\" data-end=\"1977\"><strong data-start=\"1904\" data-end=\"1924\">Espa\u00f1a Emprende:<\/strong> formaci\u00f3n general para todo tipo de emprendedores.<\/p><\/li><li data-start=\"1978\" data-end=\"2138\"><p data-start=\"1980\" data-end=\"2138\">Talleres de marketing, legalidad, fiscalidad y digitalizaci\u00f3n.<\/p><\/li><\/ul><p data-start=\"1980\" data-end=\"2138\">\ud83d\udd17<a class=\"\" href=\"https:\/\/www.camara.es\/creacion-de-empresas\" target=\"_new\" rel=\"noopener\" data-start=\"2048\" data-end=\"2136\">https:\/\/www.camara.es\/creacion-de-empresas<\/a><\/p><h4 class=\"p1\"><b>Red de Puntos de Atenci\u00f3n al Emprendedor (PAE)<\/b><\/h4><p data-start=\"2205\" data-end=\"2335\">Oficinas y entidades colaboradoras del Estado que facilitan la creaci\u00f3n de empresas de forma r\u00e1pida y sencilla.<br data-start=\"2316\" data-end=\"2319\" \/><strong data-start=\"2319\" data-end=\"2333\">Servicios:<\/strong><\/p><ul data-start=\"2336\" data-end=\"2588\"><li data-start=\"2336\" data-end=\"2381\"><p data-start=\"2338\" data-end=\"2381\">Alta telem\u00e1tica como aut\u00f3nomo o sociedad.<\/p><\/li><li data-start=\"2382\" data-end=\"2424\"><p data-start=\"2384\" data-end=\"2424\">Informaci\u00f3n legal, fiscal y de ayudas.<\/p><\/li><li data-start=\"2425\" data-end=\"2588\"><p data-start=\"2427\" data-end=\"2588\">Orientaci\u00f3n personalizada.<br data-start=\"2453\" data-end=\"2456\" \/>Los encontrar\u00e1s en ayuntamientos, c\u00e1maras de comercio, asociaciones y gestor\u00edas.<\/p><\/li><\/ul><p data-start=\"2427\" data-end=\"2588\">\ud83d\udd17 <a class=\"\" href=\"https:\/\/www.circe.es\" target=\"_new\" rel=\"noopener\" data-start=\"2542\" data-end=\"2586\">https:\/\/www.circe.es<\/a><\/p><h4 class=\"p1\"><b>Escuela de Organizaci\u00f3n Industrial (EOI)<\/b><\/h4><p data-start=\"2649\" data-end=\"2788\">Una de las escuelas m\u00e1s prestigiosas de Espa\u00f1a en formaci\u00f3n empresarial.<br data-start=\"2721\" data-end=\"2724\" \/>Programas gratuitos cofinanciados por el Fondo Social Europeo:<\/p><ul data-start=\"2789\" data-end=\"3043\"><li data-start=\"2789\" data-end=\"2847\"><p data-start=\"2791\" data-end=\"2847\"><strong data-start=\"2791\" data-end=\"2821\">J\u00f3venes menores de 30 a\u00f1os<\/strong> (Programa EOI J\u00f3venes).<\/p><\/li><li data-start=\"2848\" data-end=\"3043\"><p data-start=\"2850\" data-end=\"3043\"><strong data-start=\"2850\" data-end=\"2861\">Adultos<\/strong> que quieran emprender o reinventarse.<br data-start=\"2899\" data-end=\"2902\" \/>Incluyen formaci\u00f3n intensiva, mentor\u00eda, desarrollo de pitch y simulaciones de negocio reales.<\/p><\/li><li data-start=\"2848\" data-end=\"3043\">Cursos 100% subvencionados en transformaci\u00f3n digital, marketing digital, data tech, inteligencia artificial y programas espec\u00edficos para aut\u00f3nomos y profesionales de pymes, impartidos por prestigiosas escuelas de negocios e instituciones.<\/li><\/ul><p data-start=\"2850\" data-end=\"3043\">\ud83d\udd17 <a class=\"\" href=\"https:\/\/www.eoi.es\" target=\"_new\" rel=\"noopener\" data-start=\"3001\" data-end=\"3041\">https:\/\/www.eoi.es<\/a><\/p><h4 class=\"p1\"><b>Fundaciones y entidades sociales<\/b><\/h4><p data-start=\"3096\" data-end=\"3342\">Fundaciones como <strong data-start=\"3113\" data-end=\"3127\">Nantik Lum<\/strong> o <strong data-start=\"3130\" data-end=\"3140\">INCYDE<\/strong> se enfocan en personas en situaci\u00f3n vulnerable (desempleados, migrantes, mujeres, mayores de 45 a\u00f1os).<br data-start=\"3243\" data-end=\"3246\" \/>Combinan formaci\u00f3n, asesoramiento y microcr\u00e9ditos.<\/p><ul data-start=\"3343\" data-end=\"3494\"><li data-start=\"3343\" data-end=\"3419\"><p data-start=\"3345\" data-end=\"3419\"><strong data-start=\"3345\" data-end=\"3370\">Fundaci\u00f3n Nantik Lum:<\/strong> <a class=\"\" href=\"https:\/\/nantiklum.org\" target=\"_new\" rel=\"noopener\" data-start=\"3371\" data-end=\"3417\">https:\/\/nantiklum.org<\/a><\/p><\/li><li data-start=\"3420\" data-end=\"3494\"><p data-start=\"3422\" data-end=\"3494\"><strong data-start=\"3422\" data-end=\"3443\">Fundaci\u00f3n INCYDE:<\/strong> <a class=\"\" href=\"https:\/\/www.incyde.org\" target=\"_new\" rel=\"noopener\" data-start=\"3444\" data-end=\"3492\">https:\/\/www.incyde.org<\/a><\/p><\/li><\/ul><h3><b>\u00bfCu\u00e1nto cuesta?<\/b><\/h3><p data-start=\"157\" data-end=\"242\">La mayor\u00eda de estos programas son <strong data-start=\"191\" data-end=\"229\">gratuitos o subvencionados al 100%<\/strong> gracias a:<\/p><ul data-start=\"244\" data-end=\"399\"><li data-start=\"244\" data-end=\"294\"><p data-start=\"246\" data-end=\"294\">Fondos Europeos (FSE, FEDER, Next Generation).<\/p><\/li><li data-start=\"295\" data-end=\"337\"><p data-start=\"297\" data-end=\"337\">Ayuntamientos y comunidades aut\u00f3nomas.<\/p><\/li><li data-start=\"338\" data-end=\"399\"><p data-start=\"340\" data-end=\"399\">Convenios con C\u00e1maras de Comercio o fundaciones privadas.<\/p><\/li><\/ul><p data-start=\"401\" data-end=\"696\">\ud83d\udca1 <strong data-start=\"407\" data-end=\"461\">No necesitas tener dinero para empezar a formarte.<\/strong><br data-start=\"461\" data-end=\"464\" \/>Y te lo digo por experiencia, hace poco estuve a punto de pagar <strong>900 \u20ac<\/strong> por un programa de IA para aut\u00f3nomas que result\u00f3 estar <strong data-start=\"589\" data-end=\"611\">100% subvencionado<\/strong>.<br data-start=\"612\" data-end=\"615\" \/>Por ello, si alguien te ofrece formaci\u00f3n, antes de sacar la tarjeta, revisa si existen opciones similares gratuitas en tu comunidad. Muchas veces, la misma formaci\u00f3n -o incluso m\u00e1s completa- est\u00e1 disponible sin coste; solo hay que saber d\u00f3nde buscarla.<\/p><h3><b>\u00bfC\u00f3mo elegir el programa adecuado?<\/b><\/h3><p data-start=\"174\" data-end=\"363\">No se trata de <strong data-start=\"189\" data-end=\"209\">apuntarse a todo<\/strong>, sino de elegir con cabeza el programa que realmente te aporte valor seg\u00fan tu necesidad y etapa concreta.<br data-start=\"279\" data-end=\"282\" \/>Aqu\u00ed van algunos consejos pr\u00e1cticos para encontrar el que mejor se adapta a ti:<\/p><ul data-start=\"365\" data-end=\"916\"><li data-start=\"365\" data-end=\"463\"><p data-start=\"367\" data-end=\"463\"><strong data-start=\"367\" data-end=\"390\">Define tu objetivo:<\/strong> \u00bfQuieres validar una idea? \u00bfFormarte en marketing? \u00bfLanzar tu empresa? \u00bfAutomatizar procesos? Aprender una nueva habilidad?<\/p><\/li><li data-start=\"464\" data-end=\"562\"><p data-start=\"466\" data-end=\"562\"><strong data-start=\"466\" data-end=\"497\">Eval\u00faa tu punto de partida, <\/strong>no es lo mismo estar en etapa de ideaci\u00f3n, que en tu tercer a\u00f1o de actividad, tus necesidades actuales deben prevalecer.<\/p><\/li><li data-start=\"563\" data-end=\"776\"><p data-start=\"565\" data-end=\"776\"><strong data-start=\"565\" data-end=\"605\">Elige el formato que encaje contigo, <\/strong>\u00a0si necesitas estructura y trabajar de forma integral tu proyecto, apuesta por un programa de 3-6 meses con acompa\u00f1amiento. Si solo quieres mejorar tus habilidades o un aspecto puntual de tu negocio, un curso corto puede ser suficiente.<\/p><\/li><li data-start=\"777\" data-end=\"916\"><p data-start=\"779\" data-end=\"916\"><strong data-start=\"779\" data-end=\"819\">Busca asesor\u00eda pr\u00e1ctica y aplicable a tu proyecto, no solo teor\u00eda,<\/strong> lo ideal es que el programa cuente con formadores, mentores o expertos que te gu\u00eden de forma personalizada. Y si las sesiones son en directo y en formato sincr\u00f3nico, mucho mejor, as\u00ed podr\u00e1s plantear dudas.<\/p><\/li><\/ul><p data-start=\"918\" data-end=\"1151\">Al final, la formaci\u00f3n y la asesor\u00eda no son un fin en s\u00ed mismo, sino un medio para que tu idea se convierta en un negocio viable y sostenible\u2026 o para que un negocio ya en marcha d\u00e9 su siguiente gran salto. Invertir tiempo en elegir bien hoy puede ahorrarte meses -o incluso a\u00f1os- de prueba y error, y puede marcar la diferencia entre avanzar o quedarse estancado.<\/p><h3><b>Fuentes y enlaces \u00fatiles<\/b><\/h3><ul><li><p class=\"p1\"><a href=\"https:\/\/www.camara.es\/creacion-de-empresas\">C\u00e1mara de Comercio de Espa\u00f1a \u2013 Programas de Emprendimiento<\/a><\/p><\/li><li><p class=\"p1\"><a href=\"https:\/\/www.circe.es\">Puntos de Atenci\u00f3n al Emprendedor (PAE) \u2013 CIRCE<\/a><\/p><\/li><li><p class=\"p1\"><a href=\"https:\/\/www.eoi.es\/es\/espacios\/escuela-emprendedores\">EOI \u2013 Escuela de Organizaci\u00f3n Industrial<\/a><\/p><\/li><li><p class=\"p1\"><a href=\"https:\/\/www.incyde.org\/\">Fundaci\u00f3n INCYDE<\/a><\/p><\/li><li><p class=\"p1\"><a href=\"https:\/\/nantiklum.org\">Fundaci\u00f3n Nantik Lum<\/a><\/p><\/li><\/ul>\t\t\t\t\t\t<\/div>\n\t\t\t\t<\/div>\n\t\t\t\t<div class=\"elementor-element elementor-element-9486c87 elementor-widget-divider--view-line elementor-widget elementor-widget-divider\" data-id=\"9486c87\" data-element_type=\"widget\" data-widget_type=\"divider.default\">\n\t\t\t\t<div class=\"elementor-widget-container\">\n\t\t\t\t\t<div class=\"elementor-divider\">\n\t\t\t<span class=\"elementor-divider-separator\">\n\t\t\t\t\t\t<\/span>\n\t\t<\/div>\n\t\t\t\t<\/div>\n\t\t\t\t<\/div>\n\t\t\t\t\t<\/div>\n\t\t\t\t<\/div>\n\t\t<div class=\"elementor-element elementor-element-7ceefa5d e-con-full e-flex e-con e-child\" data-id=\"7ceefa5d\" data-element_type=\"container\">\n\t\t\t\t<div class=\"elementor-element elementor-element-20917e82 elementor-widget elementor-widget-heading\" data-id=\"20917e82\" data-element_type=\"widget\" data-widget_type=\"heading.default\">\n\t\t\t\t<div class=\"elementor-widget-container\">\n\t\t\t<span class=\"elementor-heading-title elementor-size-default\">Share the Post:<\/span>\t\t<\/div>\n\t\t\t\t<\/div>\n\t\t\t\t<div class=\"elementor-element elementor-element-7c7b2734 elementor-share-buttons--view-icon elementor-share-buttons--skin-minimal elementor-share-buttons--color-custom elementor-share-buttons--shape-square elementor-grid-0 elementor-widget elementor-widget-share-buttons\" data-id=\"7c7b2734\" data-element_type=\"widget\" data-widget_type=\"share-buttons.default\">\n\t\t\t\t<div class=\"elementor-widget-container\">\n\t\t\t\t\t<div class=\"elementor-grid\">\n\t\t\t\t\t\t\t\t<div class=\"elementor-grid-item\">\n\t\t\t\t\t\t<div\n\t\t\t\t\t\t\tclass=\"elementor-share-btn elementor-share-btn_facebook\"\n\t\t\t\t\t\t\trole=\"button\"\n\t\t\t\t\t\t\ttabindex=\"0\"\n\t\t\t\t\t\t\taria-label=\"Compartir en facebook\"\n\t\t\t\t\t\t>\n\t\t\t\t\t\t\t\t\t\t\t\t\t\t\t<span class=\"elementor-share-btn__icon\">\n\t\t\t\t\t\t\t\t<svg class=\"e-font-icon-svg e-fab-facebook\" viewbox=\"0 0 512 512\" xmlns=\"http:\/\/www.w3.org\/2000\/svg\"><path d=\"M504 256C504 119 393 8 256 8S8 119 8 256c0 123.78 90.69 226.38 209.25 245V327.69h-63V256h63v-54.64c0-62.15 37-96.48 93.67-96.48 27.14 0 55.52 4.84 55.52 4.84v61h-31.28c-30.8 0-40.41 19.12-40.41 38.73V256h68.78l-11 71.69h-57.78V501C413.31 482.38 504 379.78 504 256z\"><\/path><\/svg>\t\t\t\t\t\t\t<\/span>\n\t\t\t\t\t\t\t\t\t\t\t\t\t\t\t\t\t\t\t\t<\/div>\n\t\t\t\t\t<\/div>\n\t\t\t\t\t\t\t\t\t<div class=\"elementor-grid-item\">\n\t\t\t\t\t\t<div\n\t\t\t\t\t\t\tclass=\"elementor-share-btn elementor-share-btn_twitter\"\n\t\t\t\t\t\t\trole=\"button\"\n\t\t\t\t\t\t\ttabindex=\"0\"\n\t\t\t\t\t\t\taria-label=\"Compartir en twitter\"\n\t\t\t\t\t\t>\n\t\t\t\t\t\t\t\t\t\t\t\t\t\t\t<span class=\"elementor-share-btn__icon\">\n\t\t\t\t\t\t\t\t<svg class=\"e-font-icon-svg e-fab-twitter\" viewbox=\"0 0 512 512\" xmlns=\"http:\/\/www.w3.org\/2000\/svg\"><path d=\"M459.37 151.716c.325 4.548.325 9.097.325 13.645 0 138.72-105.583 298.558-298.558 298.558-59.452 0-114.68-17.219-161.137-47.106 8.447.974 16.568 1.299 25.34 1.299 49.055 0 94.213-16.568 130.274-44.832-46.132-.975-84.792-31.188-98.112-72.772 6.498.974 12.995 1.624 19.818 1.624 9.421 0 18.843-1.3 27.614-3.573-48.081-9.747-84.143-51.98-84.143-102.985v-1.299c13.969 7.797 30.214 12.67 47.431 13.319-28.264-18.843-46.781-51.005-46.781-87.391 0-19.492 5.197-37.36 14.294-52.954 51.655 63.675 129.3 105.258 216.365 109.807-1.624-7.797-2.599-15.918-2.599-24.04 0-57.828 46.782-104.934 104.934-104.934 30.213 0 57.502 12.67 76.67 33.137 23.715-4.548 46.456-13.32 66.599-25.34-7.798 24.366-24.366 44.833-46.132 57.827 21.117-2.273 41.584-8.122 60.426-16.243-14.292 20.791-32.161 39.308-52.628 54.253z\"><\/path><\/svg>\t\t\t\t\t\t\t<\/span>\n\t\t\t\t\t\t\t\t\t\t\t\t\t\t\t\t\t\t\t\t<\/div>\n\t\t\t\t\t<\/div>\n\t\t\t\t\t\t\t\t\t<div class=\"elementor-grid-item\">\n\t\t\t\t\t\t<div\n\t\t\t\t\t\t\tclass=\"elementor-share-btn elementor-share-btn_linkedin\"\n\t\t\t\t\t\t\trole=\"button\"\n\t\t\t\t\t\t\ttabindex=\"0\"\n\t\t\t\t\t\t\taria-label=\"Compartir en linkedin\"\n\t\t\t\t\t\t>\n\t\t\t\t\t\t\t\t\t\t\t\t\t\t\t<span class=\"elementor-share-btn__icon\">\n\t\t\t\t\t\t\t\t<svg class=\"e-font-icon-svg e-fab-linkedin\" viewbox=\"0 0 448 512\" xmlns=\"http:\/\/www.w3.org\/2000\/svg\"><path d=\"M416 32H31.9C14.3 32 0 46.5 0 64.3v383.4C0 465.5 14.3 480 31.9 480H416c17.6 0 32-14.5 32-32.3V64.3c0-17.8-14.4-32.3-32-32.3zM135.4 416H69V202.2h66.5V416zm-33.2-243c-21.3 0-38.5-17.3-38.5-38.5S80.9 96 102.2 96c21.2 0 38.5 17.3 38.5 38.5 0 21.3-17.2 38.5-38.5 38.5zm282.1 243h-66.4V312c0-24.8-.5-56.7-34.5-56.7-34.6 0-39.9 27-39.9 54.9V416h-66.4V202.2h63.7v29.2h.9c8.9-16.8 30.6-34.5 62.9-34.5 67.2 0 79.7 44.3 79.7 101.9V416z\"><\/path><\/svg>\t\t\t\t\t\t\t<\/span>\n\t\t\t\t\t\t\t\t\t\t\t\t\t\t\t\t\t\t\t\t<\/div>\n\t\t\t\t\t<\/div>\n\t\t\t\t\t\t<\/div>\n\t\t\t\t<\/div>\n\t\t\t\t<\/div>\n\t\t\t\t<\/div>\n\t\t<div class=\"elementor-element elementor-element-2a37bf59 e-flex e-con-boxed e-con e-parent\" data-id=\"2a37bf59\" data-element_type=\"container\">\n\t\t\t\t\t<div class=\"e-con-inner\">\n\t\t\t\t<div class=\"elementor-element elementor-element-55e803a1 elementor-widget elementor-widget-heading\" data-id=\"55e803a1\" data-element_type=\"widget\" data-widget_type=\"heading.default\">\n\t\t\t\t<div class=\"elementor-widget-container\">\n\t\t\t<h2 class=\"elementor-heading-title elementor-size-default\">Entradas relacionados<\/h2>\t\t<\/div>\n\t\t\t\t<\/div>\n\t\t\t\t<div class=\"elementor-element elementor-element-248e8655 elementor-posts__hover-none elementor-grid-2 elementor-grid-tablet-2 elementor-grid-mobile-1 elementor-posts--thumbnail-top elementor-widget elementor-widget-posts\" data-id=\"248e8655\" data-element_type=\"widget\" data-settings=\"{&quot;cards_row_gap&quot;:{&quot;unit&quot;:&quot;px&quot;,&quot;size&quot;:65,&quot;sizes&quot;:[]},&quot;cards_row_gap_tablet&quot;:{&quot;unit&quot;:&quot;px&quot;,&quot;size&quot;:71,&quot;sizes&quot;:[]},&quot;cards_row_gap_mobile&quot;:{&quot;unit&quot;:&quot;px&quot;,&quot;size&quot;:30,&quot;sizes&quot;:[]},&quot;cards_columns&quot;:&quot;2&quot;,&quot;cards_columns_tablet&quot;:&quot;2&quot;,&quot;cards_columns_mobile&quot;:&quot;1&quot;}\" data-widget_type=\"posts.cards\">\n\t\t\t\t<div class=\"elementor-widget-container\">\n\t\t\t\t\t<div class=\"elementor-posts-container elementor-posts elementor-posts--skin-cards elementor-grid\">\n\t\t\t\t<article class=\"elementor-post elementor-grid-item post-2075 post type-post status-publish format-standard has-post-thumbnail hentry category-uncategorized\">\n\t\t\t<div class=\"elementor-post__card\">\n\t\t\t\t<a class=\"elementor-post__thumbnail__link\" href=\"https:\/\/mariselavasquez.es\/en\/blog\/cuando-darse-de-alta-autonomo-espana\/\" tabindex=\"-1\" ><div class=\"elementor-post__thumbnail\"><img decoding=\"async\" width=\"1200\" height=\"1500\" src=\"https:\/\/mariselavasquez.es\/wp-content\/uploads\/2025\/10\/Antes-de-invertir-invierte-en-ti-por-marisela-vasquez.webp\" class=\"attachment-full size-full wp-image-2082\" alt=\"\" srcset=\"https:\/\/mariselavasquez.es\/wp-content\/uploads\/2025\/10\/Antes-de-invertir-invierte-en-ti-por-marisela-vasquez.webp 1200w, https:\/\/mariselavasquez.es\/wp-content\/uploads\/2025\/10\/Antes-de-invertir-invierte-en-ti-por-marisela-vasquez-240x300.webp 240w, https:\/\/mariselavasquez.es\/wp-content\/uploads\/2025\/10\/Antes-de-invertir-invierte-en-ti-por-marisela-vasquez-819x1024.webp 819w, https:\/\/mariselavasquez.es\/wp-content\/uploads\/2025\/10\/Antes-de-invertir-invierte-en-ti-por-marisela-vasquez-768x960.webp 768w, https:\/\/mariselavasquez.es\/wp-content\/uploads\/2025\/10\/Antes-de-invertir-invierte-en-ti-por-marisela-vasquez-10x12.webp 10w\" sizes=\"(max-width: 1200px) 100vw, 1200px\" \/><\/div><\/a>\n\t\t\t\t<div class=\"elementor-post__text\">\n\t\t\t\t<h3 class=\"elementor-post__title\">\n\t\t\t<a href=\"https:\/\/mariselavasquez.es\/en\/blog\/cuando-darse-de-alta-autonomo-espana\/\" >\n\t\t\t\t\u00bfCu\u00e1ndo darse de alta como aut\u00f3nomo en Espa\u00f1a?\t\t\t<\/a>\n\t\t<\/h3>\n\t\t\t\t<\/div>\n\t\t\t\t\t<\/div>\n\t\t<\/article>\n\t\t\t\t<article class=\"elementor-post elementor-grid-item post-92 post type-post status-publish format-standard has-post-thumbnail hentry category-uncategorized\">\n\t\t\t<div class=\"elementor-post__card\">\n\t\t\t\t<a class=\"elementor-post__thumbnail__link\" href=\"https:\/\/mariselavasquez.es\/en\/blog\/los-fracasos-tambien-suman\/\" tabindex=\"-1\" ><div class=\"elementor-post__thumbnail\"><img decoding=\"async\" width=\"1200\" height=\"1500\" src=\"https:\/\/mariselavasquez.es\/wp-content\/uploads\/2024\/10\/Inspiring-shots-2.jpg\" class=\"attachment-full size-full wp-image-1381\" alt=\"\" srcset=\"https:\/\/mariselavasquez.es\/wp-content\/uploads\/2024\/10\/Inspiring-shots-2.jpg 1200w, https:\/\/mariselavasquez.es\/wp-content\/uploads\/2024\/10\/Inspiring-shots-2-240x300.jpg 240w, https:\/\/mariselavasquez.es\/wp-content\/uploads\/2024\/10\/Inspiring-shots-2-819x1024.jpg 819w, https:\/\/mariselavasquez.es\/wp-content\/uploads\/2024\/10\/Inspiring-shots-2-768x960.jpg 768w, https:\/\/mariselavasquez.es\/wp-content\/uploads\/2024\/10\/Inspiring-shots-2-10x12.jpg 10w\" sizes=\"(max-width: 1200px) 100vw, 1200px\" \/><\/div><\/a>\n\t\t\t\t<div class=\"elementor-post__text\">\n\t\t\t\t<h3 class=\"elementor-post__title\">\n\t\t\t<a href=\"https:\/\/mariselavasquez.es\/en\/blog\/los-fracasos-tambien-suman\/\" >\n\t\t\t\tLos fracasos tambi\u00e9n suman\t\t\t<\/a>\n\t\t<\/h3>\n\t\t\t\t<\/div>\n\t\t\t\t\t<\/div>\n\t\t<\/article>\n\t\t\t\t<\/div>\n\t\t\n\t\t\t\t<\/div>\n\t\t\t\t<\/div>\n\t\t\t\t\t<\/div>\n\t\t\t\t<\/div>\n\t\t\t\t<\/div>","protected":false},"excerpt":{"rendered":"<p>Emprender no siempre significa vender desde el primer d\u00eda o invertir grandes cantidades de dinero. Y si ya tienes un<\/p>","protected":false},"author":1,"featured_media":1863,"comment_status":"open","ping_status":"open","sticky":false,"template":"","format":"standard","meta":{"footnotes":""},"categories":[1],"tags":[],"class_list":["post-1851","post","type-post","status-publish","format-standard","has-post-thumbnail","hentry","category-uncategorized"],"yoast_head":"<!-- This site is optimized with the Yoast SEO plugin v24.0 - https:\/\/yoast.com\/wordpress\/plugins\/seo\/ -->\n<title>Programas de formaci\u00f3n y asesor\u00eda para Emprendedores en Espa\u00f1a. El primer paso inteligente - Marisela Vasquez<\/title>\n<meta name=\"description\" content=\"Descubre el programa de formaci\u00f3n para emprendedores de Marisela V\u00e1squez: capacitaci\u00f3n especializada para impulsar ideas de negocio, desde el modelo de negocio hasta la obtenci\u00f3n de financiaci\u00f3n, con enfoque pr\u00e1ctico y adaptado al entorno europeo y legislativo espa\u00f1ol.\" \/>\n<meta name=\"robots\" content=\"index, follow, max-snippet:-1, max-image-preview:large, max-video-preview:-1\" \/>\n<link rel=\"canonical\" href=\"https:\/\/mariselavasquez.es\/en\/blog\/programa-de-formacion-para-emprendores\/\" \/>\n<meta property=\"og:locale\" content=\"en_US\" \/>\n<meta property=\"og:type\" content=\"article\" \/>\n<meta property=\"og:title\" content=\"Programas de formaci\u00f3n y asesor\u00eda para Emprendedores en Espa\u00f1a. El primer paso inteligente - Marisela Vasquez\" \/>\n<meta property=\"og:description\" content=\"Descubre el programa de formaci\u00f3n para emprendedores de Marisela V\u00e1squez: capacitaci\u00f3n especializada para impulsar ideas de negocio, desde el modelo de negocio hasta la obtenci\u00f3n de financiaci\u00f3n, con enfoque pr\u00e1ctico y adaptado al entorno europeo y legislativo espa\u00f1ol.\" \/>\n<meta property=\"og:url\" content=\"https:\/\/mariselavasquez.es\/en\/blog\/programa-de-formacion-para-emprendores\/\" \/>\n<meta property=\"og:site_name\" content=\"Marisela Vasquez\" \/>\n<meta property=\"article:published_time\" content=\"2025-08-06T19:52:35+00:00\" \/>\n<meta property=\"article:modified_time\" content=\"2025-09-03T20:11:43+00:00\" \/>\n<meta property=\"og:image\" content=\"https:\/\/mariselavasquez.es\/wp-content\/uploads\/2025\/08\/Antes-de-invertir-invierte-en-ti-por-marisela-vasquez-1-819x1024.png\" \/>\n\t<meta property=\"og:image:width\" content=\"819\" \/>\n\t<meta property=\"og:image:height\" content=\"1024\" \/>\n\t<meta property=\"og:image:type\" content=\"image\/png\" \/>\n<meta name=\"author\" content=\"Marisela Vasquez\" \/>\n<meta name=\"twitter:card\" content=\"summary_large_image\" \/>\n<meta name=\"twitter:label1\" content=\"Written by\" \/>\n\t<meta name=\"twitter:data1\" content=\"Marisela Vasquez\" \/>\n\t<meta name=\"twitter:label2\" content=\"Est. reading time\" \/>\n\t<meta name=\"twitter:data2\" content=\"9 minutes\" \/>\n<script type=\"application\/ld+json\" class=\"yoast-schema-graph\">{\"@context\":\"https:\/\/schema.org\",\"@graph\":[{\"@type\":\"Article\",\"@id\":\"https:\/\/mariselavasquez.es\/blog\/programa-de-formacion-para-emprendores\/#article\",\"isPartOf\":{\"@id\":\"https:\/\/mariselavasquez.es\/blog\/programa-de-formacion-para-emprendores\/\"},\"author\":{\"name\":\"Marisela Vasquez\",\"@id\":\"https:\/\/mariselavasquez.es\/#\/schema\/person\/6fe7b048b1884a8198e8ca76a0db6d8d\"},\"headline\":\"Programas de formaci\u00f3n y asesor\u00eda para Emprendedores en Espa\u00f1a. El primer paso inteligente\",\"datePublished\":\"2025-08-06T19:52:35+00:00\",\"dateModified\":\"2025-09-03T20:11:43+00:00\",\"mainEntityOfPage\":{\"@id\":\"https:\/\/mariselavasquez.es\/blog\/programa-de-formacion-para-emprendores\/\"},\"wordCount\":1613,\"commentCount\":0,\"publisher\":{\"@id\":\"https:\/\/mariselavasquez.es\/#organization\"},\"image\":{\"@id\":\"https:\/\/mariselavasquez.es\/blog\/programa-de-formacion-para-emprendores\/#primaryimage\"},\"thumbnailUrl\":\"https:\/\/mariselavasquez.es\/wp-content\/uploads\/2025\/08\/Antes-de-invertir-invierte-en-ti-por-marisela-vasquez-1.png\",\"inLanguage\":\"en-US\",\"potentialAction\":[{\"@type\":\"CommentAction\",\"name\":\"Comment\",\"target\":[\"https:\/\/mariselavasquez.es\/blog\/programa-de-formacion-para-emprendores\/#respond\"]}]},{\"@type\":\"WebPage\",\"@id\":\"https:\/\/mariselavasquez.es\/blog\/programa-de-formacion-para-emprendores\/\",\"url\":\"https:\/\/mariselavasquez.es\/blog\/programa-de-formacion-para-emprendores\/\",\"name\":\"Programas de formaci\u00f3n y asesor\u00eda para Emprendedores en Espa\u00f1a. El primer paso inteligente - Marisela Vasquez\",\"isPartOf\":{\"@id\":\"https:\/\/mariselavasquez.es\/#website\"},\"primaryImageOfPage\":{\"@id\":\"https:\/\/mariselavasquez.es\/blog\/programa-de-formacion-para-emprendores\/#primaryimage\"},\"image\":{\"@id\":\"https:\/\/mariselavasquez.es\/blog\/programa-de-formacion-para-emprendores\/#primaryimage\"},\"thumbnailUrl\":\"https:\/\/mariselavasquez.es\/wp-content\/uploads\/2025\/08\/Antes-de-invertir-invierte-en-ti-por-marisela-vasquez-1.png\",\"datePublished\":\"2025-08-06T19:52:35+00:00\",\"dateModified\":\"2025-09-03T20:11:43+00:00\",\"description\":\"Descubre el programa de formaci\u00f3n para emprendedores de Marisela V\u00e1squez: capacitaci\u00f3n especializada para impulsar ideas de negocio, desde el modelo de negocio hasta la obtenci\u00f3n de financiaci\u00f3n, con enfoque pr\u00e1ctico y adaptado al entorno europeo y legislativo espa\u00f1ol.\",\"breadcrumb\":{\"@id\":\"https:\/\/mariselavasquez.es\/blog\/programa-de-formacion-para-emprendores\/#breadcrumb\"},\"inLanguage\":\"en-US\",\"potentialAction\":[{\"@type\":\"ReadAction\",\"target\":[\"https:\/\/mariselavasquez.es\/blog\/programa-de-formacion-para-emprendores\/\"]}]},{\"@type\":\"ImageObject\",\"inLanguage\":\"en-US\",\"@id\":\"https:\/\/mariselavasquez.es\/blog\/programa-de-formacion-para-emprendores\/#primaryimage\",\"url\":\"https:\/\/mariselavasquez.es\/wp-content\/uploads\/2025\/08\/Antes-de-invertir-invierte-en-ti-por-marisela-vasquez-1.png\",\"contentUrl\":\"https:\/\/mariselavasquez.es\/wp-content\/uploads\/2025\/08\/Antes-de-invertir-invierte-en-ti-por-marisela-vasquez-1.png\",\"width\":1200,\"height\":1500},{\"@type\":\"BreadcrumbList\",\"@id\":\"https:\/\/mariselavasquez.es\/blog\/programa-de-formacion-para-emprendores\/#breadcrumb\",\"itemListElement\":[{\"@type\":\"ListItem\",\"position\":1,\"name\":\"Home\",\"item\":\"https:\/\/mariselavasquez.es\/\"},{\"@type\":\"ListItem\",\"position\":2,\"name\":\"Programas de formaci\u00f3n y asesor\u00eda para Emprendedores en Espa\u00f1a. El primer paso inteligente\"}]},{\"@type\":\"WebSite\",\"@id\":\"https:\/\/mariselavasquez.es\/#website\",\"url\":\"https:\/\/mariselavasquez.es\/\",\"name\":\"Marisela Vasquez\",\"description\":\"\",\"publisher\":{\"@id\":\"https:\/\/mariselavasquez.es\/#organization\"},\"potentialAction\":[{\"@type\":\"SearchAction\",\"target\":{\"@type\":\"EntryPoint\",\"urlTemplate\":\"https:\/\/mariselavasquez.es\/?s={search_term_string}\"},\"query-input\":{\"@type\":\"PropertyValueSpecification\",\"valueRequired\":true,\"valueName\":\"search_term_string\"}}],\"inLanguage\":\"en-US\"},{\"@type\":\"Organization\",\"@id\":\"https:\/\/mariselavasquez.es\/#organization\",\"name\":\"Marisela Vasquez\",\"url\":\"https:\/\/mariselavasquez.es\/\",\"logo\":{\"@type\":\"ImageObject\",\"inLanguage\":\"en-US\",\"@id\":\"https:\/\/mariselavasquez.es\/#\/schema\/logo\/image\/\",\"url\":\"https:\/\/mariselavasquez.es\/wp-content\/uploads\/2024\/11\/Marisela-Logo-azul-.png\",\"contentUrl\":\"https:\/\/mariselavasquez.es\/wp-content\/uploads\/2024\/11\/Marisela-Logo-azul-.png\",\"width\":527,\"height\":194,\"caption\":\"Marisela Vasquez\"},\"image\":{\"@id\":\"https:\/\/mariselavasquez.es\/#\/schema\/logo\/image\/\"}},{\"@type\":\"Person\",\"@id\":\"https:\/\/mariselavasquez.es\/#\/schema\/person\/6fe7b048b1884a8198e8ca76a0db6d8d\",\"name\":\"Marisela Vasquez\",\"image\":{\"@type\":\"ImageObject\",\"inLanguage\":\"en-US\",\"@id\":\"https:\/\/mariselavasquez.es\/#\/schema\/person\/image\/\",\"url\":\"https:\/\/secure.gravatar.com\/avatar\/bc820075dab59b4ef96db75639abfccb6758939f56b6f15522d90d3652833896?s=96&d=mm&r=g\",\"contentUrl\":\"https:\/\/secure.gravatar.com\/avatar\/bc820075dab59b4ef96db75639abfccb6758939f56b6f15522d90d3652833896?s=96&d=mm&r=g\",\"caption\":\"Marisela Vasquez\"},\"sameAs\":[\"https:\/\/mariselavasquez.es\"],\"url\":\"https:\/\/mariselavasquez.es\/en\/blog\/author\/moxie_admin\/\"}]}<\/script>\n<!-- \/ Yoast SEO plugin. -->","yoast_head_json":{"title":"Programas de formaci\u00f3n y asesor\u00eda para Emprendedores en Espa\u00f1a. El primer paso inteligente - Marisela Vasquez","description":"Descubre el programa de formaci\u00f3n para emprendedores de Marisela V\u00e1squez: capacitaci\u00f3n especializada para impulsar ideas de negocio, desde el modelo de negocio hasta la obtenci\u00f3n de financiaci\u00f3n, con enfoque pr\u00e1ctico y adaptado al entorno europeo y legislativo espa\u00f1ol.","robots":{"index":"index","follow":"follow","max-snippet":"max-snippet:-1","max-image-preview":"max-image-preview:large","max-video-preview":"max-video-preview:-1"},"canonical":"https:\/\/mariselavasquez.es\/en\/blog\/programa-de-formacion-para-emprendores\/","og_locale":"en_US","og_type":"article","og_title":"Programas de formaci\u00f3n y asesor\u00eda para Emprendedores en Espa\u00f1a. El primer paso inteligente - Marisela Vasquez","og_description":"Descubre el programa de formaci\u00f3n para emprendedores de Marisela V\u00e1squez: capacitaci\u00f3n especializada para impulsar ideas de negocio, desde el modelo de negocio hasta la obtenci\u00f3n de financiaci\u00f3n, con enfoque pr\u00e1ctico y adaptado al entorno europeo y legislativo espa\u00f1ol.","og_url":"https:\/\/mariselavasquez.es\/en\/blog\/programa-de-formacion-para-emprendores\/","og_site_name":"Marisela Vasquez","article_published_time":"2025-08-06T19:52:35+00:00","article_modified_time":"2025-09-03T20:11:43+00:00","og_image":[{"width":819,"height":1024,"url":"https:\/\/mariselavasquez.es\/wp-content\/uploads\/2025\/08\/Antes-de-invertir-invierte-en-ti-por-marisela-vasquez-1-819x1024.png","type":"image\/png"}],"author":"Marisela Vasquez","twitter_card":"summary_large_image","twitter_misc":{"Written by":"Marisela Vasquez","Est. reading time":"9 minutes"},"schema":{"@context":"https:\/\/schema.org","@graph":[{"@type":"Article","@id":"https:\/\/mariselavasquez.es\/blog\/programa-de-formacion-para-emprendores\/#article","isPartOf":{"@id":"https:\/\/mariselavasquez.es\/blog\/programa-de-formacion-para-emprendores\/"},"author":{"name":"Marisela Vasquez","@id":"https:\/\/mariselavasquez.es\/#\/schema\/person\/6fe7b048b1884a8198e8ca76a0db6d8d"},"headline":"Programas de formaci\u00f3n y asesor\u00eda para Emprendedores en Espa\u00f1a. El primer paso inteligente","datePublished":"2025-08-06T19:52:35+00:00","dateModified":"2025-09-03T20:11:43+00:00","mainEntityOfPage":{"@id":"https:\/\/mariselavasquez.es\/blog\/programa-de-formacion-para-emprendores\/"},"wordCount":1613,"commentCount":0,"publisher":{"@id":"https:\/\/mariselavasquez.es\/#organization"},"image":{"@id":"https:\/\/mariselavasquez.es\/blog\/programa-de-formacion-para-emprendores\/#primaryimage"},"thumbnailUrl":"https:\/\/mariselavasquez.es\/wp-content\/uploads\/2025\/08\/Antes-de-invertir-invierte-en-ti-por-marisela-vasquez-1.png","inLanguage":"en-US","potentialAction":[{"@type":"CommentAction","name":"Comment","target":["https:\/\/mariselavasquez.es\/blog\/programa-de-formacion-para-emprendores\/#respond"]}]},{"@type":"WebPage","@id":"https:\/\/mariselavasquez.es\/blog\/programa-de-formacion-para-emprendores\/","url":"https:\/\/mariselavasquez.es\/blog\/programa-de-formacion-para-emprendores\/","name":"Programas de formaci\u00f3n y asesor\u00eda para Emprendedores en Espa\u00f1a. El primer paso inteligente - Marisela Vasquez","isPartOf":{"@id":"https:\/\/mariselavasquez.es\/#website"},"primaryImageOfPage":{"@id":"https:\/\/mariselavasquez.es\/blog\/programa-de-formacion-para-emprendores\/#primaryimage"},"image":{"@id":"https:\/\/mariselavasquez.es\/blog\/programa-de-formacion-para-emprendores\/#primaryimage"},"thumbnailUrl":"https:\/\/mariselavasquez.es\/wp-content\/uploads\/2025\/08\/Antes-de-invertir-invierte-en-ti-por-marisela-vasquez-1.png","datePublished":"2025-08-06T19:52:35+00:00","dateModified":"2025-09-03T20:11:43+00:00","description":"Descubre el programa de formaci\u00f3n para emprendedores de Marisela V\u00e1squez: capacitaci\u00f3n especializada para impulsar ideas de negocio, desde el modelo de negocio hasta la obtenci\u00f3n de financiaci\u00f3n, con enfoque pr\u00e1ctico y adaptado al entorno europeo y legislativo espa\u00f1ol.","breadcrumb":{"@id":"https:\/\/mariselavasquez.es\/blog\/programa-de-formacion-para-emprendores\/#breadcrumb"},"inLanguage":"en-US","potentialAction":[{"@type":"ReadAction","target":["https:\/\/mariselavasquez.es\/blog\/programa-de-formacion-para-emprendores\/"]}]},{"@type":"ImageObject","inLanguage":"en-US","@id":"https:\/\/mariselavasquez.es\/blog\/programa-de-formacion-para-emprendores\/#primaryimage","url":"https:\/\/mariselavasquez.es\/wp-content\/uploads\/2025\/08\/Antes-de-invertir-invierte-en-ti-por-marisela-vasquez-1.png","contentUrl":"https:\/\/mariselavasquez.es\/wp-content\/uploads\/2025\/08\/Antes-de-invertir-invierte-en-ti-por-marisela-vasquez-1.png","width":1200,"height":1500},{"@type":"BreadcrumbList","@id":"https:\/\/mariselavasquez.es\/blog\/programa-de-formacion-para-emprendores\/#breadcrumb","itemListElement":[{"@type":"ListItem","position":1,"name":"Home","item":"https:\/\/mariselavasquez.es\/"},{"@type":"ListItem","position":2,"name":"Programas de formaci\u00f3n y asesor\u00eda para Emprendedores en Espa\u00f1a. El primer paso inteligente"}]},{"@type":"WebSite","@id":"https:\/\/mariselavasquez.es\/#website","url":"https:\/\/mariselavasquez.es\/","name":"Marisela Vasquez","description":"","publisher":{"@id":"https:\/\/mariselavasquez.es\/#organization"},"potentialAction":[{"@type":"SearchAction","target":{"@type":"EntryPoint","urlTemplate":"https:\/\/mariselavasquez.es\/?s={search_term_string}"},"query-input":{"@type":"PropertyValueSpecification","valueRequired":true,"valueName":"search_term_string"}}],"inLanguage":"en-US"},{"@type":"Organization","@id":"https:\/\/mariselavasquez.es\/#organization","name":"Marisela Vasquez","url":"https:\/\/mariselavasquez.es\/","logo":{"@type":"ImageObject","inLanguage":"en-US","@id":"https:\/\/mariselavasquez.es\/#\/schema\/logo\/image\/","url":"https:\/\/mariselavasquez.es\/wp-content\/uploads\/2024\/11\/Marisela-Logo-azul-.png","contentUrl":"https:\/\/mariselavasquez.es\/wp-content\/uploads\/2024\/11\/Marisela-Logo-azul-.png","width":527,"height":194,"caption":"Marisela Vasquez"},"image":{"@id":"https:\/\/mariselavasquez.es\/#\/schema\/logo\/image\/"}},{"@type":"Person","@id":"https:\/\/mariselavasquez.es\/#\/schema\/person\/6fe7b048b1884a8198e8ca76a0db6d8d","name":"Marisela Vasquez","image":{"@type":"ImageObject","inLanguage":"en-US","@id":"https:\/\/mariselavasquez.es\/#\/schema\/person\/image\/","url":"https:\/\/secure.gravatar.com\/avatar\/bc820075dab59b4ef96db75639abfccb6758939f56b6f15522d90d3652833896?s=96&d=mm&r=g","contentUrl":"https:\/\/secure.gravatar.com\/avatar\/bc820075dab59b4ef96db75639abfccb6758939f56b6f15522d90d3652833896?s=96&d=mm&r=g","caption":"Marisela Vasquez"},"sameAs":["https:\/\/mariselavasquez.es"],"url":"https:\/\/mariselavasquez.es\/en\/blog\/author\/moxie_admin\/"}]}},"_links":{"self":[{"href":"https:\/\/mariselavasquez.es\/en\/wp-json\/wp\/v2\/posts\/1851","targetHints":{"allow":["GET"]}}],"collection":[{"href":"https:\/\/mariselavasquez.es\/en\/wp-json\/wp\/v2\/posts"}],"about":[{"href":"https:\/\/mariselavasquez.es\/en\/wp-json\/wp\/v2\/types\/post"}],"author":[{"embeddable":true,"href":"https:\/\/mariselavasquez.es\/en\/wp-json\/wp\/v2\/users\/1"}],"replies":[{"embeddable":true,"href":"https:\/\/mariselavasquez.es\/en\/wp-json\/wp\/v2\/comments?post=1851"}],"version-history":[{"count":38,"href":"https:\/\/mariselavasquez.es\/en\/wp-json\/wp\/v2\/posts\/1851\/revisions"}],"predecessor-version":[{"id":2005,"href":"https:\/\/mariselavasquez.es\/en\/wp-json\/wp\/v2\/posts\/1851\/revisions\/2005"}],"wp:featuredmedia":[{"embeddable":true,"href":"https:\/\/mariselavasquez.es\/en\/wp-json\/wp\/v2\/media\/1863"}],"wp:attachment":[{"href":"https:\/\/mariselavasquez.es\/en\/wp-json\/wp\/v2\/media?parent=1851"}],"wp:term":[{"taxonomy":"category","embeddable":true,"href":"https:\/\/mariselavasquez.es\/en\/wp-json\/wp\/v2\/categories?post=1851"},{"taxonomy":"post_tag","embeddable":true,"href":"https:\/\/mariselavasquez.es\/en\/wp-json\/wp\/v2\/tags?post=1851"}],"curies":[{"name":"wp","href":"https:\/\/api.w.org\/{rel}","templated":true}]}}