{"id":1783,"date":"2025-08-04T20:41:52","date_gmt":"2025-08-04T20:41:52","guid":{"rendered":"https:\/\/mariselavasquez.es\/?p=1783"},"modified":"2025-09-03T20:13:44","modified_gmt":"2025-09-03T20:13:44","slug":"capitalizacion-del-paro","status":"publish","type":"post","link":"https:\/\/mariselavasquez.es\/en\/blog\/capitalizacion-del-paro\/","title":{"rendered":"Capitalizaci\u00f3n del paro, \u00bfc\u00f3mo emprender con tu prestaci\u00f3n por desempleo?"},"content":{"rendered":"<div data-elementor-type=\"wp-post\" data-elementor-id=\"1783\" class=\"elementor elementor-1783\" data-elementor-post-type=\"post\">\n\t\t\t\t<div class=\"elementor-element elementor-element-789fc24 e-flex e-con-boxed e-con e-parent\" data-id=\"789fc24\" data-element_type=\"container\">\n\t\t\t\t\t<div class=\"e-con-inner\">\n\t\t\t\t<div class=\"elementor-element elementor-element-aa980eb elementor-widget elementor-widget-image\" data-id=\"aa980eb\" data-element_type=\"widget\" data-widget_type=\"image.default\">\n\t\t\t\t<div class=\"elementor-widget-container\">\n\t\t\t\t\t\t\t\t\t\t\t\t\t<img fetchpriority=\"high\" decoding=\"async\" width=\"800\" height=\"450\" src=\"https:\/\/mariselavasquez.es\/wp-content\/uploads\/2025\/08\/Tu-paro-puede-financiar-tu-idea-por-Marisela-Vasquez-1024x576.png\" class=\"attachment-large size-large wp-image-1800\" alt=\"\" srcset=\"https:\/\/mariselavasquez.es\/wp-content\/uploads\/2025\/08\/Tu-paro-puede-financiar-tu-idea-por-Marisela-Vasquez-1024x576.png 1024w, https:\/\/mariselavasquez.es\/wp-content\/uploads\/2025\/08\/Tu-paro-puede-financiar-tu-idea-por-Marisela-Vasquez-300x169.png 300w, https:\/\/mariselavasquez.es\/wp-content\/uploads\/2025\/08\/Tu-paro-puede-financiar-tu-idea-por-Marisela-Vasquez-768x432.png 768w, https:\/\/mariselavasquez.es\/wp-content\/uploads\/2025\/08\/Tu-paro-puede-financiar-tu-idea-por-Marisela-Vasquez-18x10.png 18w, https:\/\/mariselavasquez.es\/wp-content\/uploads\/2025\/08\/Tu-paro-puede-financiar-tu-idea-por-Marisela-Vasquez.png 1280w\" sizes=\"(max-width: 800px) 100vw, 800px\" \/>\t\t\t\t\t\t\t\t\t\t\t\t\t<\/div>\n\t\t\t\t<\/div>\n\t\t\t\t\t<\/div>\n\t\t\t\t<\/div>\n\t\t<div class=\"elementor-element elementor-element-72aaeca e-flex e-con-boxed e-con e-parent\" data-id=\"72aaeca\" data-element_type=\"container\">\n\t\t\t\t\t<div class=\"e-con-inner\">\n\t\t\t\t<div class=\"elementor-element elementor-element-dedd262 elementor-widget elementor-widget-text-editor\" data-id=\"dedd262\" data-element_type=\"widget\" data-widget_type=\"text-editor.default\">\n\t\t\t\t<div class=\"elementor-widget-container\">\n\t\t\t\t\t\t\t<p data-start=\"405\" data-end=\"591\">Emprender sin dinero parece una contradicci\u00f3n, pero en Espa\u00f1a existe una f\u00f3rmula legal y efectiva para comenzar tu negocio usando unos recursos que ya te pertenecen: <strong data-start=\"559\" data-end=\"590\">tu prestaci\u00f3n por desempleo<\/strong>.<\/p><p data-start=\"593\" data-end=\"775\">Se trata de la <strong data-start=\"608\" data-end=\"635\">capitalizaci\u00f3n del paro<\/strong>, tambi\u00e9n llamada \u201cpago \u00fanico\u201d, una v\u00eda de financiaci\u00f3n que permite utilizar el dinero del paro por adelantado siempre que vayas a emprender.<\/p><h2 data-start=\"799\" data-end=\"841\">\u00bfQu\u00e9 es la capitalizaci\u00f3n del paro?<\/h2><p data-start=\"826\" data-end=\"1014\">La capitalizaci\u00f3n del paro es una ayuda que te permite <strong data-start=\"881\" data-end=\"940\">cobrar de una sola vez el paro que te queda por recibir<\/strong>, con el fin de poner en marcha una actividad econ\u00f3mica por cuenta propia.<\/p><p data-start=\"1016\" data-end=\"1338\">Esto significa que, en lugar de cobrar cada mes una parte de tu prestaci\u00f3n, puedes usar ese dinero como <strong data-start=\"1120\" data-end=\"1141\">inversi\u00f3n inicial<\/strong> para crear tu negocio o unirte a uno ya existente como socio\/a. Es una herramienta legal, que se tramita ante el\u00a0 SEPE, para que quienes est\u00e1n en desempleo puedan <strong data-start=\"1302\" data-end=\"1337\">reinventarse como emprendedores<\/strong>.<\/p><p data-start=\"1340\" data-end=\"1570\">\ud83d\udc49 <strong data-start=\"1343\" data-end=\"1363\">Ejemplo real: <\/strong>Aldo capitaliz\u00f3 el paro para emprender, a \u00e9l le quedaba por cobrar m\u00e1s de 20.000 \u20ac de paro, y tramitamos el 100% de ese importe para invertirlo en su proyecto un Studio que combina cer\u00e1mica experimental y dise\u00f1o\u00a0 <a href=\"https:\/\/mariselavasquez.es\/en\/casos-de-exito\/\">ATYPYCAL<\/a>, los usamos para comprar el horno, la materia prima del primer stock, invertir en marketing y un peque\u00f1a tesorer\u00eda.<\/p><h2 data-start=\"1342\" data-end=\"1392\">Requisitos para solicitar la capitalizaci\u00f3n<\/h2><p data-start=\"1629\" data-end=\"1735\">Nos son muchos ni complejos,\u00a0 pero es importante cumplir con todos para evitar que tu solicitud sea rechazada:<\/p><ol data-start=\"1737\" data-end=\"2470\"><li data-start=\"1737\" data-end=\"1877\"><p data-start=\"1740\" data-end=\"1877\"><strong data-start=\"1740\" data-end=\"1789\">Estar cobrando prestaci\u00f3n contributiva (paro), <\/strong>esto excluye a quienes reciben subsidios asistenciales como el subsidio por desempleo.<\/p><\/li><li data-start=\"1879\" data-end=\"2007\"><p data-start=\"1882\" data-end=\"2007\"><strong data-start=\"1882\" data-end=\"1930\">Tener al menos tres mensualidades por cobrar, <\/strong>si te quedan menos de tres meses acumulados, no podr\u00e1s optar a la capitalizaci\u00f3n.<\/p><\/li><li data-start=\"2009\" data-end=\"2203\"><p data-start=\"2012\" data-end=\"2203\"><strong data-start=\"2012\" data-end=\"2046\">No haber empezado la actividad<\/strong> no puedes darte de alta como aut\u00f3nomo ni comprar equipamiento antes de que el SEPE apruebe tu solicitud. Si lo haces, <strong data-start=\"2166\" data-end=\"2188\">pierdes el derecho<\/strong> al pago \u00fanico.<\/p><\/li><li data-start=\"2205\" data-end=\"2314\"><p data-start=\"2208\" data-end=\"2314\"><strong data-start=\"2208\" data-end=\"2264\">No haber utilizado esta medida en los \u00faltimos 4 a\u00f1os,<\/strong> solo se puede solicitar cada 4 a\u00f1os.<\/p><\/li><li data-start=\"2316\" data-end=\"2470\"><p data-start=\"2319\" data-end=\"2470\"><strong data-start=\"2319\" data-end=\"2379\">Demostrar que vas a iniciar una actividad econ\u00f3mica, <\/strong>esto implica presentar un proyecto, memoria y justificaci\u00f3n de la inversi\u00f3n (seg\u00fan el caso).<\/p><\/li><\/ol><p data-start=\"2472\" data-end=\"2622\">Este sistema est\u00e1 pensado para quienes realmente van a dar el paso de emprender, no para quienes buscan una salida f\u00e1cil al paro sin un plan concreto.<\/p><p data-start=\"127\" data-end=\"345\">Adem\u00e1s, es importante tener en cuenta que, una vez aprobada la capitalizaci\u00f3n, el proceso debe ponerse en marcha de forma simult\u00e1nea. A partir de la resoluci\u00f3n favorable, dispones de un <strong data-start=\"313\" data-end=\"339\">plazo m\u00e1ximo de un mes<\/strong> para:<\/p><ul data-start=\"347\" data-end=\"495\"><li data-start=\"347\" data-end=\"385\"><p data-start=\"349\" data-end=\"385\"><strong data-start=\"349\" data-end=\"382\">Darte de alta como aut\u00f3nomo\/a<\/strong>,<\/p><\/li><li data-start=\"386\" data-end=\"417\"><p data-start=\"388\" data-end=\"417\"><strong data-start=\"388\" data-end=\"412\">Iniciar la actividad<\/strong>, y<\/p><\/li><li data-start=\"418\" data-end=\"495\"><p data-start=\"420\" data-end=\"495\"><strong data-start=\"420\" data-end=\"448\">Realizar las inversiones<\/strong> para las que has solicitado la capitalizaci\u00f3n.<\/p><\/li><\/ul><p data-start=\"497\" data-end=\"586\">Todo debe estar coordinado y ejecutarse dentro de ese plazo para no comprometer la ayuda.<\/p><h2 data-start=\"1848\" data-end=\"1884\">\u00bfC\u00f3mo puedes usar el dinero?<\/h2><p data-start=\"2667\" data-end=\"2867\">Aqu\u00ed es donde la capitalizaci\u00f3n del paro se vuelve realmente \u00fatil, puedes destinar el dinero a varios usos, siempre que est\u00e9n <strong data-start=\"2799\" data-end=\"2866\">directamente relacionados con la puesta en marcha de tu negocio<\/strong>.<\/p><ul data-start=\"2869\" data-end=\"3454\"><li data-start=\"2869\" data-end=\"2999\"><p data-start=\"2871\" data-end=\"2999\"><strong data-start=\"2871\" data-end=\"2921\">Compra de material, maquinaria o stock inicial<\/strong><br data-start=\"2921\" data-end=\"2924\" \/>Ideal para tiendas, artesan\u00eda, servicios t\u00e9cnicos, comercio digital, etc.<\/p><\/li><li data-start=\"3001\" data-end=\"3115\"><p data-start=\"3003\" data-end=\"3115\"><strong data-start=\"3003\" data-end=\"3040\">Gastos de constituci\u00f3n de empresa<\/strong><br data-start=\"3040\" data-end=\"3043\" \/>Notario, registros, licencias, dominio web, gestor\u00eda o asesor\u00eda legal.<\/p><\/li><li data-start=\"3117\" data-end=\"3225\"><p data-start=\"3119\" data-end=\"3225\"><strong data-start=\"3119\" data-end=\"3164\">Adaptaci\u00f3n del local o espacio de trabajo<\/strong><br data-start=\"3164\" data-end=\"3167\" \/>Reformas, mobiliario, se\u00f1alizaci\u00f3n o adecuaci\u00f3n t\u00e9cnica.<\/p><\/li><li data-start=\"3227\" data-end=\"3454\"><p data-start=\"3229\" data-end=\"3454\"><strong data-start=\"3229\" data-end=\"3266\">Pago de cuotas de aut\u00f3nomo (RETA)<\/strong><br data-start=\"3266\" data-end=\"3269\" \/>Puedes reservar parte del paro para cubrir tus cuotas mensuales a la Seguridad Social durante los primeros meses de actividad. Esto es clave para no empezar con gastos fijos elevados.<\/p><\/li><\/ul><p data-start=\"3456\" data-end=\"3684\">\u2757 <strong data-start=\"3458\" data-end=\"3472\">Importante<\/strong>: El SEPE exige justificaci\u00f3n documental. Debes presentar facturas, presupuestos o compromisos de pago. No sirve para pagar deudas personales, alquiler de vivienda o gastos sin vinculaci\u00f3n directa con el negocio.<\/p><h2 data-start=\"2289\" data-end=\"2314\">\u00bfC\u00f3mo se solicita?<\/h2><p data-start=\"3718\" data-end=\"3781\">El proceso no es especialmente complejo, pero <strong data-start=\"130\" data-end=\"224\">s\u00ed exige que la documentaci\u00f3n se presente de forma ordenada, coherente y bien fundamentada<\/strong>. Que\u00a0 las cifras cuadren, que sea viable econ\u00f3micamente hablando\u00a0 y que todo el plan est\u00e9 expuesto con claridad y sentido.<\/p><h4 data-start=\"3783\" data-end=\"3820\">Paso 1: Prepara tu documentaci\u00f3n<\/h4><ul data-start=\"3822\" data-end=\"4242\"><li data-start=\"3822\" data-end=\"3964\"><p data-start=\"3824\" data-end=\"3964\"><strong data-start=\"3824\" data-end=\"3848\">Memoria del proyecto, <\/strong>es el\u00a0 documento m\u00e1s importante del proceso. En ella debes explicar con detalle a qu\u00e9 te vas a dedicar, c\u00f3mo planeas generar ingresos, cu\u00e1les son las necesidades iniciales del negocio y cu\u00e1l es la inversi\u00f3n estimada. Una memoria clara, realista y bien estructurada puede marcar la diferencia en la aprobaci\u00f3n de la capitalizaci\u00f3n. Pr\u00e1cticamente es un Business Plan.<\/p><\/li><li data-start=\"3965\" data-end=\"4103\"><p data-start=\"3967\" data-end=\"4103\"><strong data-start=\"3967\" data-end=\"3995\">Presupuesto de inversi\u00f3n<\/strong>: puedes incluir presupuestos de compra de maquinaria, licencias, equipo inform\u00e1tico, reforma de local, materia prima, etc.<\/p><\/li><li data-start=\"4104\" data-end=\"4242\"><p data-start=\"4106\" data-end=\"4242\"><strong data-start=\"4106\" data-end=\"4132\">Documentaci\u00f3n personal<\/strong>: DNI, justificante de prestaci\u00f3n, y si aplica, documentaci\u00f3n de la cooperativa o sociedad a la que te unir\u00e1s.<\/p><\/li><\/ul><h4 data-start=\"4244\" data-end=\"4278\">Paso 2: Presenta la solicitud<\/h4><ul data-start=\"4280\" data-end=\"4437\"><li data-start=\"4280\" data-end=\"4372\"><p data-start=\"4282\" data-end=\"4372\"><strong data-start=\"4282\" data-end=\"4311\">Sede electr\u00f3nica del SEPE<\/strong>:<br data-start=\"4312\" data-end=\"4315\" \/>\ud83d\udd17 <a href=\"https:\/\/sede.sepe.gob.es\" target=\"_blank\" rel=\"noopener\">https:\/\/sede.sepe.gob.es<\/a><\/p><\/li><li data-start=\"4374\" data-end=\"4437\"><p data-start=\"4376\" data-end=\"4437\"><strong data-start=\"4376\" data-end=\"4395\">Presencialmente<\/strong>, con cita previa, en tu oficina del SEPE.<\/p><\/li><\/ul><p data-start=\"4439\" data-end=\"4594\">\u2757 El proyecto no debe haberse iniciado antes de presentar la solicitud. Si te das de alta como aut\u00f3nomo antes de recibir la resoluci\u00f3n, pueden deneg\u00e1rtela.<\/p><h4 data-start=\"4596\" data-end=\"4629\">Paso 3: Espera la resoluci\u00f3n<\/h4><p data-start=\"4631\" data-end=\"4782\">El SEPE suele emitir respuesta en unos 15- 30 d\u00edas. Una vez aprobado, recibir\u00e1s el ingreso del dinero (total o parcial) en la cuenta bancaria que hayas indicado en la solicitud.<\/p><h2 data-start=\"2916\" data-end=\"2953\">\u00bfCu\u00e1nto dinero puedes recibir?<\/h2><ul data-start=\"2955\" data-end=\"3230\"><li data-start=\"2955\" data-end=\"3046\"><p data-start=\"4828\" data-end=\"4937\">Esto depender\u00e1 del tiempo que te quede por cobrar. Se calcula sobre la <strong data-start=\"4899\" data-end=\"4936\">prestaci\u00f3n contributiva pendiente<\/strong>:<\/p><ul data-start=\"4939\" data-end=\"5188\"><li data-start=\"4939\" data-end=\"4986\"><p data-start=\"4941\" data-end=\"4986\"><strong data-start=\"4941\" data-end=\"4958\">Hasta el 100%<\/strong> si lo destinas a inversi\u00f3n.<\/p><\/li><li data-start=\"4987\" data-end=\"5188\"><p data-start=\"4989\" data-end=\"5017\">Tambi\u00e9n puedes <strong data-start=\"5004\" data-end=\"5016\">combinar<\/strong>:<\/p><ul data-start=\"5020\" data-end=\"5188\"><li data-start=\"5020\" data-end=\"5073\"><p data-start=\"5022\" data-end=\"5073\">Una parte en pago \u00fanico (para la inversi\u00f3n inicial)<\/p><\/li><li data-start=\"5076\" data-end=\"5188\"><p data-start=\"5078\" data-end=\"5188\">Otra parte en forma de <strong data-start=\"5101\" data-end=\"5123\">subvenci\u00f3n mensual<\/strong>, para pagar cuotas de aut\u00f3nomo (hasta agotar el total del paro).<\/p><\/li><\/ul><\/li><\/ul><p data-start=\"5190\" data-end=\"5294\">\ud83d\udc49 <strong data-start=\"5193\" data-end=\"5204\">Ejemplo<\/strong>:<br data-start=\"5205\" data-end=\"5208\" \/>Te quedan 10 meses de paro a raz\u00f3n de 800 \u20ac\/mes \u2192 Total: 8.000 \u20ac<br data-start=\"5272\" data-end=\"5275\" \/>Puedes solicitar:<\/p><ul data-start=\"5295\" data-end=\"5426\"><li data-start=\"5295\" data-end=\"5350\"><p data-start=\"5297\" data-end=\"5350\">5.000 \u20ac para invertir (compra de material y equipo)<\/p><\/li><li data-start=\"5351\" data-end=\"5426\"><p data-start=\"5353\" data-end=\"5426\">3.000 \u20ac repartidos para cubrir tus cuotas mensuales a la Seguridad Social<\/p><\/li><\/ul><\/li><\/ul><h2 data-start=\"3408\" data-end=\"3443\">\u00a0\u00bfY si abandono el negocio o cambio de actividad?<\/h2><p data-start=\"5490\" data-end=\"5726\">El compromiso es <strong data-start=\"5507\" data-end=\"5555\">mantener la actividad durante al menos 1 a\u00f1o<\/strong>. Si cancelas tu alta en aut\u00f3nomos o abandonas el proyecto antes de ese plazo sin causa justificada, el SEPE puede <strong data-start=\"5670\" data-end=\"5713\">reclamarte el reintegro parcial o total<\/strong> de la ayuda.<\/p><p data-start=\"5728\" data-end=\"5829\">Causas justificadas (como enfermedad o fuerza mayor) pueden ser aceptadas, pero deber\u00e1s acreditarlas.<\/p><h2 data-start=\"3688\" data-end=\"3731\">\u00bfEs una opci\u00f3n recomendable para emprender?<\/h2><p data-start=\"5888\" data-end=\"6087\">S\u00ed. Si est\u00e1s decidido a trabajar por tu cuenta y ya est\u00e1s en paro, la capitalizaci\u00f3n es una forma <strong data-start=\"6021\" data-end=\"6086\">inteligente de aprovechar ese dinero para emprender<\/strong>.<\/p><p data-start=\"6089\" data-end=\"6137\">Adem\u00e1s, es <strong data-start=\"6100\" data-end=\"6131\">compatible con otras ayudas<\/strong> como:<\/p><ul data-start=\"6139\" data-end=\"6394\"><li data-start=\"6139\" data-end=\"6226\"><p data-start=\"6141\" data-end=\"6226\">Bonificaciones en las cuotas de aut\u00f3nomos (tarifa plana, j\u00f3venes, mayores de 52 a\u00f1os)<\/p><\/li><li data-start=\"6227\" data-end=\"6311\"><p data-start=\"6229\" data-end=\"6311\">Subvenciones para emprendedores por parte de comunidades aut\u00f3nomas o ayuntamientos<\/p><\/li><li data-start=\"6312\" data-end=\"6394\"><p data-start=\"6314\" data-end=\"6394\">Microcr\u00e9ditos sin aval para completar el capital inicial (como los de MicroBank)<\/p><\/li><\/ul><h2 data-start=\"4062\" data-end=\"4093\">Fuentes y enlaces \u00fatiles<\/h2><ul data-start=\"4095\" data-end=\"4584\"><li data-start=\"4095\" data-end=\"4249\"><p data-start=\"4097\" data-end=\"4249\"><a class=\"cursor-pointer\" href=\"https:\/\/www.sepe.es\/HomeSepe\/Personas\/distributiva-prestaciones\/quiero-cobrar-el-paro\/pago-unico.html\" target=\"_blank\" rel=\"noopener\" data-start=\"4097\" data-end=\"4247\">Capitalizaci\u00f3n del paro \u2013 SEPE (Gu\u00eda oficial)<\/a><\/p><\/li><li data-start=\"4250\" data-end=\"4346\"><p data-start=\"4252\" data-end=\"4346\"><a href=\"https:\/\/sede.sepe.gob.es\/portalSede\/flows\/inicio\" target=\"_blank\" rel=\"noopener\">Sede electr\u00f3nica SEPE \u2013 Solicitud online<\/a><\/p><\/li><li data-start=\"4347\" data-end=\"4447\"><p data-start=\"4349\" data-end=\"4447\"><a class=\"cursor-pointer\" href=\"https:\/\/www.camara.es\/creacion-de-empresas\" target=\"_new\" rel=\"noopener\" data-start=\"4349\" data-end=\"4445\">Gu\u00eda para emprender en Espa\u00f1a (C\u00e1mara de Comercio)<\/a><\/p><\/li><li data-start=\"4448\" data-end=\"4584\"><p data-start=\"4450\" data-end=\"4584\"><a href=\"https:\/\/www.seg-social.es\/wps\/portal\/wss\/internet\/Trabajadores\/CotizacionRecaudacionTrabajadores\/36351\" target=\"_blank\" rel=\"noopener\">Aut\u00f3nomos \u2013 Seguridad Social<\/a><\/p><\/li><\/ul>\t\t\t\t\t\t<\/div>\n\t\t\t\t<\/div>\n\t\t\t\t<div class=\"elementor-element elementor-element-ec597dc elementor-widget-divider--view-line elementor-widget elementor-widget-divider\" data-id=\"ec597dc\" data-element_type=\"widget\" data-widget_type=\"divider.default\">\n\t\t\t\t<div class=\"elementor-widget-container\">\n\t\t\t\t\t<div class=\"elementor-divider\">\n\t\t\t<span class=\"elementor-divider-separator\">\n\t\t\t\t\t\t<\/span>\n\t\t<\/div>\n\t\t\t\t<\/div>\n\t\t\t\t<\/div>\n\t\t\t\t\t<\/div>\n\t\t\t\t<\/div>\n\t\t<div class=\"elementor-element elementor-element-5fdc41c5 e-con-full e-flex e-con e-child\" data-id=\"5fdc41c5\" data-element_type=\"container\">\n\t\t\t\t<div class=\"elementor-element elementor-element-53a843aa elementor-widget elementor-widget-heading\" data-id=\"53a843aa\" data-element_type=\"widget\" data-widget_type=\"heading.default\">\n\t\t\t\t<div class=\"elementor-widget-container\">\n\t\t\t<span class=\"elementor-heading-title elementor-size-default\">Share the Post:<\/span>\t\t<\/div>\n\t\t\t\t<\/div>\n\t\t\t\t<div class=\"elementor-element elementor-element-208b7c4e elementor-share-buttons--view-icon elementor-share-buttons--skin-minimal elementor-share-buttons--color-custom elementor-share-buttons--shape-square elementor-grid-0 elementor-widget elementor-widget-share-buttons\" data-id=\"208b7c4e\" data-element_type=\"widget\" data-widget_type=\"share-buttons.default\">\n\t\t\t\t<div class=\"elementor-widget-container\">\n\t\t\t\t\t<div class=\"elementor-grid\">\n\t\t\t\t\t\t\t\t<div class=\"elementor-grid-item\">\n\t\t\t\t\t\t<div\n\t\t\t\t\t\t\tclass=\"elementor-share-btn elementor-share-btn_facebook\"\n\t\t\t\t\t\t\trole=\"button\"\n\t\t\t\t\t\t\ttabindex=\"0\"\n\t\t\t\t\t\t\taria-label=\"Share on facebook\" data-no-translation-aria-label=\"\"\n\t\t\t\t\t\t>\n\t\t\t\t\t\t\t\t\t\t\t\t\t\t\t<span class=\"elementor-share-btn__icon\">\n\t\t\t\t\t\t\t\t<svg class=\"e-font-icon-svg e-fab-facebook\" viewbox=\"0 0 512 512\" xmlns=\"http:\/\/www.w3.org\/2000\/svg\"><path d=\"M504 256C504 119 393 8 256 8S8 119 8 256c0 123.78 90.69 226.38 209.25 245V327.69h-63V256h63v-54.64c0-62.15 37-96.48 93.67-96.48 27.14 0 55.52 4.84 55.52 4.84v61h-31.28c-30.8 0-40.41 19.12-40.41 38.73V256h68.78l-11 71.69h-57.78V501C413.31 482.38 504 379.78 504 256z\"><\/path><\/svg>\t\t\t\t\t\t\t<\/span>\n\t\t\t\t\t\t\t\t\t\t\t\t\t\t\t\t\t\t\t\t<\/div>\n\t\t\t\t\t<\/div>\n\t\t\t\t\t\t\t\t\t<div class=\"elementor-grid-item\">\n\t\t\t\t\t\t<div\n\t\t\t\t\t\t\tclass=\"elementor-share-btn elementor-share-btn_twitter\"\n\t\t\t\t\t\t\trole=\"button\"\n\t\t\t\t\t\t\ttabindex=\"0\"\n\t\t\t\t\t\t\taria-label=\"Share on twitter\" data-no-translation-aria-label=\"\"\n\t\t\t\t\t\t>\n\t\t\t\t\t\t\t\t\t\t\t\t\t\t\t<span class=\"elementor-share-btn__icon\">\n\t\t\t\t\t\t\t\t<svg class=\"e-font-icon-svg e-fab-twitter\" viewbox=\"0 0 512 512\" xmlns=\"http:\/\/www.w3.org\/2000\/svg\"><path d=\"M459.37 151.716c.325 4.548.325 9.097.325 13.645 0 138.72-105.583 298.558-298.558 298.558-59.452 0-114.68-17.219-161.137-47.106 8.447.974 16.568 1.299 25.34 1.299 49.055 0 94.213-16.568 130.274-44.832-46.132-.975-84.792-31.188-98.112-72.772 6.498.974 12.995 1.624 19.818 1.624 9.421 0 18.843-1.3 27.614-3.573-48.081-9.747-84.143-51.98-84.143-102.985v-1.299c13.969 7.797 30.214 12.67 47.431 13.319-28.264-18.843-46.781-51.005-46.781-87.391 0-19.492 5.197-37.36 14.294-52.954 51.655 63.675 129.3 105.258 216.365 109.807-1.624-7.797-2.599-15.918-2.599-24.04 0-57.828 46.782-104.934 104.934-104.934 30.213 0 57.502 12.67 76.67 33.137 23.715-4.548 46.456-13.32 66.599-25.34-7.798 24.366-24.366 44.833-46.132 57.827 21.117-2.273 41.584-8.122 60.426-16.243-14.292 20.791-32.161 39.308-52.628 54.253z\"><\/path><\/svg>\t\t\t\t\t\t\t<\/span>\n\t\t\t\t\t\t\t\t\t\t\t\t\t\t\t\t\t\t\t\t<\/div>\n\t\t\t\t\t<\/div>\n\t\t\t\t\t\t\t\t\t<div class=\"elementor-grid-item\">\n\t\t\t\t\t\t<div\n\t\t\t\t\t\t\tclass=\"elementor-share-btn elementor-share-btn_linkedin\"\n\t\t\t\t\t\t\trole=\"button\"\n\t\t\t\t\t\t\ttabindex=\"0\"\n\t\t\t\t\t\t\taria-label=\"Share on linkedin\" data-no-translation-aria-label=\"\"\n\t\t\t\t\t\t>\n\t\t\t\t\t\t\t\t\t\t\t\t\t\t\t<span class=\"elementor-share-btn__icon\">\n\t\t\t\t\t\t\t\t<svg class=\"e-font-icon-svg e-fab-linkedin\" viewbox=\"0 0 448 512\" xmlns=\"http:\/\/www.w3.org\/2000\/svg\"><path d=\"M416 32H31.9C14.3 32 0 46.5 0 64.3v383.4C0 465.5 14.3 480 31.9 480H416c17.6 0 32-14.5 32-32.3V64.3c0-17.8-14.4-32.3-32-32.3zM135.4 416H69V202.2h66.5V416zm-33.2-243c-21.3 0-38.5-17.3-38.5-38.5S80.9 96 102.2 96c21.2 0 38.5 17.3 38.5 38.5 0 21.3-17.2 38.5-38.5 38.5zm282.1 243h-66.4V312c0-24.8-.5-56.7-34.5-56.7-34.6 0-39.9 27-39.9 54.9V416h-66.4V202.2h63.7v29.2h.9c8.9-16.8 30.6-34.5 62.9-34.5 67.2 0 79.7 44.3 79.7 101.9V416z\"><\/path><\/svg>\t\t\t\t\t\t\t<\/span>\n\t\t\t\t\t\t\t\t\t\t\t\t\t\t\t\t\t\t\t\t<\/div>\n\t\t\t\t\t<\/div>\n\t\t\t\t\t\t<\/div>\n\t\t\t\t<\/div>\n\t\t\t\t<\/div>\n\t\t\t\t<\/div>\n\t\t<div class=\"elementor-element elementor-element-62436b70 e-flex e-con-boxed e-con e-parent\" data-id=\"62436b70\" data-element_type=\"container\">\n\t\t\t\t\t<div class=\"e-con-inner\">\n\t\t\t\t<div class=\"elementor-element elementor-element-40eb2af2 elementor-widget elementor-widget-heading\" data-id=\"40eb2af2\" data-element_type=\"widget\" data-widget_type=\"heading.default\">\n\t\t\t\t<div class=\"elementor-widget-container\">\n\t\t\t<h2 class=\"elementor-heading-title elementor-size-default\">Entradas relacionados<\/h2>\t\t<\/div>\n\t\t\t\t<\/div>\n\t\t\t\t<div class=\"elementor-element elementor-element-5b7e2587 elementor-posts__hover-none elementor-grid-2 elementor-grid-tablet-2 elementor-grid-mobile-1 elementor-posts--thumbnail-top elementor-widget elementor-widget-posts\" data-id=\"5b7e2587\" data-element_type=\"widget\" data-settings=\"{&quot;cards_row_gap&quot;:{&quot;unit&quot;:&quot;px&quot;,&quot;size&quot;:65,&quot;sizes&quot;:[]},&quot;cards_row_gap_tablet&quot;:{&quot;unit&quot;:&quot;px&quot;,&quot;size&quot;:71,&quot;sizes&quot;:[]},&quot;cards_row_gap_mobile&quot;:{&quot;unit&quot;:&quot;px&quot;,&quot;size&quot;:30,&quot;sizes&quot;:[]},&quot;cards_columns&quot;:&quot;2&quot;,&quot;cards_columns_tablet&quot;:&quot;2&quot;,&quot;cards_columns_mobile&quot;:&quot;1&quot;}\" data-widget_type=\"posts.cards\">\n\t\t\t\t<div class=\"elementor-widget-container\">\n\t\t\t\t\t<div class=\"elementor-posts-container elementor-posts elementor-posts--skin-cards elementor-grid\">\n\t\t\t\t<article class=\"elementor-post elementor-grid-item post-2075 post type-post status-publish format-standard has-post-thumbnail hentry category-uncategorized\">\n\t\t\t<div class=\"elementor-post__card\">\n\t\t\t\t<a class=\"elementor-post__thumbnail__link\" href=\"https:\/\/mariselavasquez.es\/en\/blog\/cuando-darse-de-alta-autonomo-espana\/\" tabindex=\"-1\" ><div class=\"elementor-post__thumbnail\"><img decoding=\"async\" width=\"1200\" height=\"1500\" src=\"https:\/\/mariselavasquez.es\/wp-content\/uploads\/2025\/10\/Antes-de-invertir-invierte-en-ti-por-marisela-vasquez.webp\" class=\"attachment-full size-full wp-image-2082\" alt=\"\" srcset=\"https:\/\/mariselavasquez.es\/wp-content\/uploads\/2025\/10\/Antes-de-invertir-invierte-en-ti-por-marisela-vasquez.webp 1200w, https:\/\/mariselavasquez.es\/wp-content\/uploads\/2025\/10\/Antes-de-invertir-invierte-en-ti-por-marisela-vasquez-240x300.webp 240w, https:\/\/mariselavasquez.es\/wp-content\/uploads\/2025\/10\/Antes-de-invertir-invierte-en-ti-por-marisela-vasquez-819x1024.webp 819w, https:\/\/mariselavasquez.es\/wp-content\/uploads\/2025\/10\/Antes-de-invertir-invierte-en-ti-por-marisela-vasquez-768x960.webp 768w, https:\/\/mariselavasquez.es\/wp-content\/uploads\/2025\/10\/Antes-de-invertir-invierte-en-ti-por-marisela-vasquez-10x12.webp 10w\" sizes=\"(max-width: 1200px) 100vw, 1200px\" \/><\/div><\/a>\n\t\t\t\t<div class=\"elementor-post__text\">\n\t\t\t\t<h3 class=\"elementor-post__title\">\n\t\t\t<a href=\"https:\/\/mariselavasquez.es\/en\/blog\/cuando-darse-de-alta-autonomo-espana\/\" >\n\t\t\t\t\u00bfCu\u00e1ndo darse de alta como aut\u00f3nomo en Espa\u00f1a?\t\t\t<\/a>\n\t\t<\/h3>\n\t\t\t\t<\/div>\n\t\t\t\t\t<\/div>\n\t\t<\/article>\n\t\t\t\t<article class=\"elementor-post elementor-grid-item post-2049 post type-post status-publish format-standard has-post-thumbnail hentry category-uncategorized\">\n\t\t\t<div class=\"elementor-post__card\">\n\t\t\t\t<a class=\"elementor-post__thumbnail__link\" href=\"https:\/\/mariselavasquez.es\/en\/blog\/5-errores-comunes-al-buscar-financiacion\/\" tabindex=\"-1\" ><div class=\"elementor-post__thumbnail\"><img decoding=\"async\" width=\"1200\" height=\"1500\" src=\"https:\/\/mariselavasquez.es\/wp-content\/uploads\/2025\/09\/Antes-de-invertir-invierte-en-ti-por-marisela-vasquez.webp\" class=\"attachment-full size-full wp-image-2057\" alt=\"error 404 construido con legos\" srcset=\"https:\/\/mariselavasquez.es\/wp-content\/uploads\/2025\/09\/Antes-de-invertir-invierte-en-ti-por-marisela-vasquez.webp 1200w, https:\/\/mariselavasquez.es\/wp-content\/uploads\/2025\/09\/Antes-de-invertir-invierte-en-ti-por-marisela-vasquez-240x300.webp 240w, https:\/\/mariselavasquez.es\/wp-content\/uploads\/2025\/09\/Antes-de-invertir-invierte-en-ti-por-marisela-vasquez-819x1024.webp 819w, https:\/\/mariselavasquez.es\/wp-content\/uploads\/2025\/09\/Antes-de-invertir-invierte-en-ti-por-marisela-vasquez-768x960.webp 768w, https:\/\/mariselavasquez.es\/wp-content\/uploads\/2025\/09\/Antes-de-invertir-invierte-en-ti-por-marisela-vasquez-10x12.webp 10w\" sizes=\"(max-width: 1200px) 100vw, 1200px\" \/><\/div><\/a>\n\t\t\t\t<div class=\"elementor-post__text\">\n\t\t\t\t<h3 class=\"elementor-post__title\">\n\t\t\t<a href=\"https:\/\/mariselavasquez.es\/en\/blog\/5-errores-comunes-al-buscar-financiacion\/\" >\n\t\t\t\t5 errores comunes al buscar financiaci\u00f3n (y c\u00f3mo evitarlos)\t\t\t<\/a>\n\t\t<\/h3>\n\t\t\t\t<\/div>\n\t\t\t\t\t<\/div>\n\t\t<\/article>\n\t\t\t\t<\/div>\n\t\t\n\t\t\t\t<\/div>\n\t\t\t\t<\/div>\n\t\t\t\t\t<\/div>\n\t\t\t\t<\/div>\n\t\t\t\t<\/div>","protected":false},"excerpt":{"rendered":"<p>Emprender sin dinero parece una contradicci\u00f3n, pero en Espa\u00f1a existe una f\u00f3rmula legal y efectiva para comenzar tu negocio usando<\/p>","protected":false},"author":1,"featured_media":1804,"comment_status":"open","ping_status":"open","sticky":false,"template":"","format":"standard","meta":{"footnotes":""},"categories":[1],"tags":[],"class_list":["post-1783","post","type-post","status-publish","format-standard","has-post-thumbnail","hentry","category-uncategorized"],"yoast_head":"<!-- This site is optimized with the Yoast SEO plugin v24.0 - https:\/\/yoast.com\/wordpress\/plugins\/seo\/ -->\n<title>Capitalizaci\u00f3n del paro, \u00bfc\u00f3mo emprender con tu prestaci\u00f3n por desempleo? - Marisela Vasquez<\/title>\n<meta name=\"description\" content=\"\u201cGu\u00eda completa sobre la capitalizaci\u00f3n de la prestaci\u00f3n por desempleo en Espa\u00f1a: descubre en qu\u00e9 consiste, qui\u00e9n puede acceder a ella, tipos de capitalizaci\u00f3n, documentaci\u00f3n exigida y c\u00f3mo aprovechar este recurso para iniciar tu propio negocio\" \/>\n<meta name=\"robots\" content=\"index, follow, max-snippet:-1, max-image-preview:large, max-video-preview:-1\" \/>\n<link rel=\"canonical\" href=\"https:\/\/mariselavasquez.es\/en\/blog\/capitalizacion-del-paro\/\" \/>\n<meta property=\"og:locale\" content=\"en_US\" \/>\n<meta property=\"og:type\" content=\"article\" \/>\n<meta property=\"og:title\" content=\"Capitalizaci\u00f3n del paro, \u00bfc\u00f3mo emprender con tu prestaci\u00f3n por desempleo? - Marisela Vasquez\" \/>\n<meta property=\"og:description\" content=\"\u201cGu\u00eda completa sobre la capitalizaci\u00f3n de la prestaci\u00f3n por desempleo en Espa\u00f1a: descubre en qu\u00e9 consiste, qui\u00e9n puede acceder a ella, tipos de capitalizaci\u00f3n, documentaci\u00f3n exigida y c\u00f3mo aprovechar este recurso para iniciar tu propio negocio\" \/>\n<meta property=\"og:url\" content=\"https:\/\/mariselavasquez.es\/en\/blog\/capitalizacion-del-paro\/\" \/>\n<meta property=\"og:site_name\" content=\"Marisela Vasquez\" \/>\n<meta property=\"article:published_time\" content=\"2025-08-04T20:41:52+00:00\" \/>\n<meta property=\"article:modified_time\" content=\"2025-09-03T20:13:44+00:00\" \/>\n<meta property=\"og:image\" content=\"https:\/\/mariselavasquez.es\/wp-content\/uploads\/2025\/08\/Tu-paro-puede-financiar-tu-idea-por-marisela-vasquez-1.png\" \/>\n\t<meta property=\"og:image:width\" content=\"1200\" \/>\n\t<meta property=\"og:image:height\" content=\"1500\" \/>\n\t<meta property=\"og:image:type\" content=\"image\/png\" \/>\n<meta name=\"author\" content=\"Marisela Vasquez\" \/>\n<meta name=\"twitter:card\" content=\"summary_large_image\" \/>\n<meta name=\"twitter:label1\" content=\"Written by\" \/>\n\t<meta name=\"twitter:data1\" content=\"Marisela Vasquez\" \/>\n\t<meta name=\"twitter:label2\" content=\"Est. reading time\" \/>\n\t<meta name=\"twitter:data2\" content=\"7 minutes\" \/>\n<script type=\"application\/ld+json\" class=\"yoast-schema-graph\">{\"@context\":\"https:\/\/schema.org\",\"@graph\":[{\"@type\":\"Article\",\"@id\":\"https:\/\/mariselavasquez.es\/blog\/capitalizacion-del-paro\/#article\",\"isPartOf\":{\"@id\":\"https:\/\/mariselavasquez.es\/blog\/capitalizacion-del-paro\/\"},\"author\":{\"name\":\"Marisela Vasquez\",\"@id\":\"https:\/\/mariselavasquez.es\/#\/schema\/person\/6fe7b048b1884a8198e8ca76a0db6d8d\"},\"headline\":\"Capitalizaci\u00f3n del paro, \u00bfc\u00f3mo emprender con tu prestaci\u00f3n por desempleo?\",\"datePublished\":\"2025-08-04T20:41:52+00:00\",\"dateModified\":\"2025-09-03T20:13:44+00:00\",\"mainEntityOfPage\":{\"@id\":\"https:\/\/mariselavasquez.es\/blog\/capitalizacion-del-paro\/\"},\"wordCount\":1186,\"commentCount\":0,\"publisher\":{\"@id\":\"https:\/\/mariselavasquez.es\/#organization\"},\"image\":{\"@id\":\"https:\/\/mariselavasquez.es\/blog\/capitalizacion-del-paro\/#primaryimage\"},\"thumbnailUrl\":\"https:\/\/mariselavasquez.es\/wp-content\/uploads\/2025\/08\/Tu-paro-puede-financiar-tu-idea-por-marisela-vasquez-1.png\",\"inLanguage\":\"en-US\",\"potentialAction\":[{\"@type\":\"CommentAction\",\"name\":\"Comment\",\"target\":[\"https:\/\/mariselavasquez.es\/blog\/capitalizacion-del-paro\/#respond\"]}]},{\"@type\":\"WebPage\",\"@id\":\"https:\/\/mariselavasquez.es\/blog\/capitalizacion-del-paro\/\",\"url\":\"https:\/\/mariselavasquez.es\/blog\/capitalizacion-del-paro\/\",\"name\":\"Capitalizaci\u00f3n del paro, \u00bfc\u00f3mo emprender con tu prestaci\u00f3n por desempleo? - Marisela Vasquez\",\"isPartOf\":{\"@id\":\"https:\/\/mariselavasquez.es\/#website\"},\"primaryImageOfPage\":{\"@id\":\"https:\/\/mariselavasquez.es\/blog\/capitalizacion-del-paro\/#primaryimage\"},\"image\":{\"@id\":\"https:\/\/mariselavasquez.es\/blog\/capitalizacion-del-paro\/#primaryimage\"},\"thumbnailUrl\":\"https:\/\/mariselavasquez.es\/wp-content\/uploads\/2025\/08\/Tu-paro-puede-financiar-tu-idea-por-marisela-vasquez-1.png\",\"datePublished\":\"2025-08-04T20:41:52+00:00\",\"dateModified\":\"2025-09-03T20:13:44+00:00\",\"description\":\"\u201cGu\u00eda completa sobre la capitalizaci\u00f3n de la prestaci\u00f3n por desempleo en Espa\u00f1a: descubre en qu\u00e9 consiste, qui\u00e9n puede acceder a ella, tipos de capitalizaci\u00f3n, documentaci\u00f3n exigida y c\u00f3mo aprovechar este recurso para iniciar tu propio negocio\",\"breadcrumb\":{\"@id\":\"https:\/\/mariselavasquez.es\/blog\/capitalizacion-del-paro\/#breadcrumb\"},\"inLanguage\":\"en-US\",\"potentialAction\":[{\"@type\":\"ReadAction\",\"target\":[\"https:\/\/mariselavasquez.es\/blog\/capitalizacion-del-paro\/\"]}]},{\"@type\":\"ImageObject\",\"inLanguage\":\"en-US\",\"@id\":\"https:\/\/mariselavasquez.es\/blog\/capitalizacion-del-paro\/#primaryimage\",\"url\":\"https:\/\/mariselavasquez.es\/wp-content\/uploads\/2025\/08\/Tu-paro-puede-financiar-tu-idea-por-marisela-vasquez-1.png\",\"contentUrl\":\"https:\/\/mariselavasquez.es\/wp-content\/uploads\/2025\/08\/Tu-paro-puede-financiar-tu-idea-por-marisela-vasquez-1.png\",\"width\":1200,\"height\":1500,\"caption\":\"u-paro-puede-financiar-tu-idea-por-marisela-vasquez\"},{\"@type\":\"BreadcrumbList\",\"@id\":\"https:\/\/mariselavasquez.es\/blog\/capitalizacion-del-paro\/#breadcrumb\",\"itemListElement\":[{\"@type\":\"ListItem\",\"position\":1,\"name\":\"Home\",\"item\":\"https:\/\/mariselavasquez.es\/\"},{\"@type\":\"ListItem\",\"position\":2,\"name\":\"Capitalizaci\u00f3n del paro, \u00bfc\u00f3mo emprender con tu prestaci\u00f3n por desempleo?\"}]},{\"@type\":\"WebSite\",\"@id\":\"https:\/\/mariselavasquez.es\/#website\",\"url\":\"https:\/\/mariselavasquez.es\/\",\"name\":\"Marisela Vasquez\",\"description\":\"\",\"publisher\":{\"@id\":\"https:\/\/mariselavasquez.es\/#organization\"},\"potentialAction\":[{\"@type\":\"SearchAction\",\"target\":{\"@type\":\"EntryPoint\",\"urlTemplate\":\"https:\/\/mariselavasquez.es\/?s={search_term_string}\"},\"query-input\":{\"@type\":\"PropertyValueSpecification\",\"valueRequired\":true,\"valueName\":\"search_term_string\"}}],\"inLanguage\":\"en-US\"},{\"@type\":\"Organization\",\"@id\":\"https:\/\/mariselavasquez.es\/#organization\",\"name\":\"Marisela Vasquez\",\"url\":\"https:\/\/mariselavasquez.es\/\",\"logo\":{\"@type\":\"ImageObject\",\"inLanguage\":\"en-US\",\"@id\":\"https:\/\/mariselavasquez.es\/#\/schema\/logo\/image\/\",\"url\":\"https:\/\/mariselavasquez.es\/wp-content\/uploads\/2024\/11\/Marisela-Logo-azul-.png\",\"contentUrl\":\"https:\/\/mariselavasquez.es\/wp-content\/uploads\/2024\/11\/Marisela-Logo-azul-.png\",\"width\":527,\"height\":194,\"caption\":\"Marisela Vasquez\"},\"image\":{\"@id\":\"https:\/\/mariselavasquez.es\/#\/schema\/logo\/image\/\"}},{\"@type\":\"Person\",\"@id\":\"https:\/\/mariselavasquez.es\/#\/schema\/person\/6fe7b048b1884a8198e8ca76a0db6d8d\",\"name\":\"Marisela Vasquez\",\"image\":{\"@type\":\"ImageObject\",\"inLanguage\":\"en-US\",\"@id\":\"https:\/\/mariselavasquez.es\/#\/schema\/person\/image\/\",\"url\":\"https:\/\/secure.gravatar.com\/avatar\/bc820075dab59b4ef96db75639abfccb6758939f56b6f15522d90d3652833896?s=96&d=mm&r=g\",\"contentUrl\":\"https:\/\/secure.gravatar.com\/avatar\/bc820075dab59b4ef96db75639abfccb6758939f56b6f15522d90d3652833896?s=96&d=mm&r=g\",\"caption\":\"Marisela Vasquez\"},\"sameAs\":[\"https:\/\/mariselavasquez.es\"],\"url\":\"https:\/\/mariselavasquez.es\/en\/blog\/author\/moxie_admin\/\"}]}<\/script>\n<!-- \/ Yoast SEO plugin. -->","yoast_head_json":{"title":"Capitalizaci\u00f3n del paro, \u00bfc\u00f3mo emprender con tu prestaci\u00f3n por desempleo? - Marisela Vasquez","description":"\u201cGu\u00eda completa sobre la capitalizaci\u00f3n de la prestaci\u00f3n por desempleo en Espa\u00f1a: descubre en qu\u00e9 consiste, qui\u00e9n puede acceder a ella, tipos de capitalizaci\u00f3n, documentaci\u00f3n exigida y c\u00f3mo aprovechar este recurso para iniciar tu propio negocio","robots":{"index":"index","follow":"follow","max-snippet":"max-snippet:-1","max-image-preview":"max-image-preview:large","max-video-preview":"max-video-preview:-1"},"canonical":"https:\/\/mariselavasquez.es\/en\/blog\/capitalizacion-del-paro\/","og_locale":"en_US","og_type":"article","og_title":"Capitalizaci\u00f3n del paro, \u00bfc\u00f3mo emprender con tu prestaci\u00f3n por desempleo? - Marisela Vasquez","og_description":"\u201cGu\u00eda completa sobre la capitalizaci\u00f3n de la prestaci\u00f3n por desempleo en Espa\u00f1a: descubre en qu\u00e9 consiste, qui\u00e9n puede acceder a ella, tipos de capitalizaci\u00f3n, documentaci\u00f3n exigida y c\u00f3mo aprovechar este recurso para iniciar tu propio negocio","og_url":"https:\/\/mariselavasquez.es\/en\/blog\/capitalizacion-del-paro\/","og_site_name":"Marisela Vasquez","article_published_time":"2025-08-04T20:41:52+00:00","article_modified_time":"2025-09-03T20:13:44+00:00","og_image":[{"width":1200,"height":1500,"url":"https:\/\/mariselavasquez.es\/wp-content\/uploads\/2025\/08\/Tu-paro-puede-financiar-tu-idea-por-marisela-vasquez-1.png","type":"image\/png"}],"author":"Marisela Vasquez","twitter_card":"summary_large_image","twitter_misc":{"Written by":"Marisela Vasquez","Est. reading time":"7 minutes"},"schema":{"@context":"https:\/\/schema.org","@graph":[{"@type":"Article","@id":"https:\/\/mariselavasquez.es\/blog\/capitalizacion-del-paro\/#article","isPartOf":{"@id":"https:\/\/mariselavasquez.es\/blog\/capitalizacion-del-paro\/"},"author":{"name":"Marisela Vasquez","@id":"https:\/\/mariselavasquez.es\/#\/schema\/person\/6fe7b048b1884a8198e8ca76a0db6d8d"},"headline":"Capitalizaci\u00f3n del paro, \u00bfc\u00f3mo emprender con tu prestaci\u00f3n por desempleo?","datePublished":"2025-08-04T20:41:52+00:00","dateModified":"2025-09-03T20:13:44+00:00","mainEntityOfPage":{"@id":"https:\/\/mariselavasquez.es\/blog\/capitalizacion-del-paro\/"},"wordCount":1186,"commentCount":0,"publisher":{"@id":"https:\/\/mariselavasquez.es\/#organization"},"image":{"@id":"https:\/\/mariselavasquez.es\/blog\/capitalizacion-del-paro\/#primaryimage"},"thumbnailUrl":"https:\/\/mariselavasquez.es\/wp-content\/uploads\/2025\/08\/Tu-paro-puede-financiar-tu-idea-por-marisela-vasquez-1.png","inLanguage":"en-US","potentialAction":[{"@type":"CommentAction","name":"Comment","target":["https:\/\/mariselavasquez.es\/blog\/capitalizacion-del-paro\/#respond"]}]},{"@type":"WebPage","@id":"https:\/\/mariselavasquez.es\/blog\/capitalizacion-del-paro\/","url":"https:\/\/mariselavasquez.es\/blog\/capitalizacion-del-paro\/","name":"Capitalizaci\u00f3n del paro, \u00bfc\u00f3mo emprender con tu prestaci\u00f3n por desempleo? - Marisela Vasquez","isPartOf":{"@id":"https:\/\/mariselavasquez.es\/#website"},"primaryImageOfPage":{"@id":"https:\/\/mariselavasquez.es\/blog\/capitalizacion-del-paro\/#primaryimage"},"image":{"@id":"https:\/\/mariselavasquez.es\/blog\/capitalizacion-del-paro\/#primaryimage"},"thumbnailUrl":"https:\/\/mariselavasquez.es\/wp-content\/uploads\/2025\/08\/Tu-paro-puede-financiar-tu-idea-por-marisela-vasquez-1.png","datePublished":"2025-08-04T20:41:52+00:00","dateModified":"2025-09-03T20:13:44+00:00","description":"\u201cGu\u00eda completa sobre la capitalizaci\u00f3n de la prestaci\u00f3n por desempleo en Espa\u00f1a: descubre en qu\u00e9 consiste, qui\u00e9n puede acceder a ella, tipos de capitalizaci\u00f3n, documentaci\u00f3n exigida y c\u00f3mo aprovechar este recurso para iniciar tu propio negocio","breadcrumb":{"@id":"https:\/\/mariselavasquez.es\/blog\/capitalizacion-del-paro\/#breadcrumb"},"inLanguage":"en-US","potentialAction":[{"@type":"ReadAction","target":["https:\/\/mariselavasquez.es\/blog\/capitalizacion-del-paro\/"]}]},{"@type":"ImageObject","inLanguage":"en-US","@id":"https:\/\/mariselavasquez.es\/blog\/capitalizacion-del-paro\/#primaryimage","url":"https:\/\/mariselavasquez.es\/wp-content\/uploads\/2025\/08\/Tu-paro-puede-financiar-tu-idea-por-marisela-vasquez-1.png","contentUrl":"https:\/\/mariselavasquez.es\/wp-content\/uploads\/2025\/08\/Tu-paro-puede-financiar-tu-idea-por-marisela-vasquez-1.png","width":1200,"height":1500,"caption":"u-paro-puede-financiar-tu-idea-por-marisela-vasquez"},{"@type":"BreadcrumbList","@id":"https:\/\/mariselavasquez.es\/blog\/capitalizacion-del-paro\/#breadcrumb","itemListElement":[{"@type":"ListItem","position":1,"name":"Home","item":"https:\/\/mariselavasquez.es\/"},{"@type":"ListItem","position":2,"name":"Capitalizaci\u00f3n del paro, \u00bfc\u00f3mo emprender con tu prestaci\u00f3n por desempleo?"}]},{"@type":"WebSite","@id":"https:\/\/mariselavasquez.es\/#website","url":"https:\/\/mariselavasquez.es\/","name":"Marisela Vasquez","description":"","publisher":{"@id":"https:\/\/mariselavasquez.es\/#organization"},"potentialAction":[{"@type":"SearchAction","target":{"@type":"EntryPoint","urlTemplate":"https:\/\/mariselavasquez.es\/?s={search_term_string}"},"query-input":{"@type":"PropertyValueSpecification","valueRequired":true,"valueName":"search_term_string"}}],"inLanguage":"en-US"},{"@type":"Organization","@id":"https:\/\/mariselavasquez.es\/#organization","name":"Marisela Vasquez","url":"https:\/\/mariselavasquez.es\/","logo":{"@type":"ImageObject","inLanguage":"en-US","@id":"https:\/\/mariselavasquez.es\/#\/schema\/logo\/image\/","url":"https:\/\/mariselavasquez.es\/wp-content\/uploads\/2024\/11\/Marisela-Logo-azul-.png","contentUrl":"https:\/\/mariselavasquez.es\/wp-content\/uploads\/2024\/11\/Marisela-Logo-azul-.png","width":527,"height":194,"caption":"Marisela Vasquez"},"image":{"@id":"https:\/\/mariselavasquez.es\/#\/schema\/logo\/image\/"}},{"@type":"Person","@id":"https:\/\/mariselavasquez.es\/#\/schema\/person\/6fe7b048b1884a8198e8ca76a0db6d8d","name":"Marisela Vasquez","image":{"@type":"ImageObject","inLanguage":"en-US","@id":"https:\/\/mariselavasquez.es\/#\/schema\/person\/image\/","url":"https:\/\/secure.gravatar.com\/avatar\/bc820075dab59b4ef96db75639abfccb6758939f56b6f15522d90d3652833896?s=96&d=mm&r=g","contentUrl":"https:\/\/secure.gravatar.com\/avatar\/bc820075dab59b4ef96db75639abfccb6758939f56b6f15522d90d3652833896?s=96&d=mm&r=g","caption":"Marisela Vasquez"},"sameAs":["https:\/\/mariselavasquez.es"],"url":"https:\/\/mariselavasquez.es\/en\/blog\/author\/moxie_admin\/"}]}},"_links":{"self":[{"href":"https:\/\/mariselavasquez.es\/en\/wp-json\/wp\/v2\/posts\/1783","targetHints":{"allow":["GET"]}}],"collection":[{"href":"https:\/\/mariselavasquez.es\/en\/wp-json\/wp\/v2\/posts"}],"about":[{"href":"https:\/\/mariselavasquez.es\/en\/wp-json\/wp\/v2\/types\/post"}],"author":[{"embeddable":true,"href":"https:\/\/mariselavasquez.es\/en\/wp-json\/wp\/v2\/users\/1"}],"replies":[{"embeddable":true,"href":"https:\/\/mariselavasquez.es\/en\/wp-json\/wp\/v2\/comments?post=1783"}],"version-history":[{"count":20,"href":"https:\/\/mariselavasquez.es\/en\/wp-json\/wp\/v2\/posts\/1783\/revisions"}],"predecessor-version":[{"id":2015,"href":"https:\/\/mariselavasquez.es\/en\/wp-json\/wp\/v2\/posts\/1783\/revisions\/2015"}],"wp:featuredmedia":[{"embeddable":true,"href":"https:\/\/mariselavasquez.es\/en\/wp-json\/wp\/v2\/media\/1804"}],"wp:attachment":[{"href":"https:\/\/mariselavasquez.es\/en\/wp-json\/wp\/v2\/media?parent=1783"}],"wp:term":[{"taxonomy":"category","embeddable":true,"href":"https:\/\/mariselavasquez.es\/en\/wp-json\/wp\/v2\/categories?post=1783"},{"taxonomy":"post_tag","embeddable":true,"href":"https:\/\/mariselavasquez.es\/en\/wp-json\/wp\/v2\/tags?post=1783"}],"curies":[{"name":"wp","href":"https:\/\/api.w.org\/{rel}","templated":true}]}}